{"id":965383,"date":"2026-05-03T15:41:59","date_gmt":"2026-05-03T13:41:59","guid":{"rendered":"https:\/\/gradski.me\/?p=965383"},"modified":"2026-05-03T15:44:03","modified_gmt":"2026-05-03T13:44:03","slug":"osniva-se-sindikat-medijskih-radnika-crne-gore","status":"publish","type":"post","link":"https:\/\/gradski.me\/en\/drustvo\/osniva-se-sindikat-medijskih-radnika-crne-gore\/","title":{"rendered":"The Union of Media Workers of Montenegro is established"},"content":{"rendered":"<p>Kako je saop\u0161teno iz ovih sindikalnih organizacija, prvenstveno je uspostavljena saradnja izme\u0111u sindikata RTCG, kao nacionalnog, i sindikata RTV Podgorica, kao&nbsp;&nbsp; najve\u0107eg lokalnog javnog emitera. Nakon uspostavljanja navedene saradnje, intenzivirano je uspostavljanje saradnje sa jo\u0161 nekoliko lokalnih javnih emitera, kao i nekoliko komercijalnih medija, koji su dali inicijalnu saglasnost da se pokrene proces osnivanja Sindikata medijskih radnika Crne Gore.<\/p>\n\n\n\n<p>U saop\u0161tenju se navodi da je klju\u010dni razlog za ovaj korak stav da je trenutno stanje za\u0161tite i unaprje\u0111enja prava zaposlenih u medijima u Crnoj Gori na neadekvatnom nivou.<\/p>\n\n\n\n<figure class=\"wp-block-video\"><video height=\"576\" style=\"aspect-ratio: 576 \/ 576;\" width=\"576\" controls src=\"https:\/\/gradski.me\/wp-content\/uploads\/2026\/05\/06ce4e78-202e-4332-93d3-797b365f4955.mp4\"><\/video><\/figure>\n\n\n\n<p>Naro\u010dito se akcenat stavlja na izazove u primjeni Zakona o audiovizuelnim medijskim uslugama, Zakona o nacionalnom javnom emiteru i Zakona o medijima, koji pred urednike, novinare i sve druge medijske radnike postavljaju zna\u010dajne profesionalne i programske zahtjeve.<\/p>\n\n\n\n<p>Zbog toga, kako navode u saop\u0161tenju, kroz novi sindikat, koji \u0107e pretendovati da bude reprezentativan na granskom nivou, sna\u017eno \u0107e se zalagati za za\u0161titu i unapre\u0111enje prava medijskih radnika, sa naro\u010ditom pa\u017enjom na procese zaklju\u010divanja kolektivnih ugovora kod poslodavaca, ali i granskog kolektivnog ugovora.<\/p>\n\n\n\n<p>Zbog toga su navedene sindikalne organizacije, potpisnice saop\u0161tenja, uputili poziv svim kolegama da im se pridru\u017ee u zajedni\u010dkoj borbi za ve\u0107a prava.<\/p>\n\n\n\n<p>O narednim koracima i konkretnim aktivnostima javnost \u0107e biti blagovremeno obavije\u0161tena.<\/p>","protected":false},"excerpt":{"rendered":"<p>Iz Sindikata RTV Podgorica i Novog sindikata RTCG saop\u0161teno je da je osnivanje Sindikata medijskih radnika Crne Gore u finalnoj fazi.<\/p>","protected":false},"author":13,"featured_media":965384,"comment_status":"open","ping_status":"open","sticky":false,"template":"","format":"standard","meta":{"_acf_changed":false,"footnotes":"","jetpack_publicize_message":"","jetpack_publicize_feature_enabled":true,"jetpack_social_post_already_shared":true,"jetpack_social_options":{"image_generator_settings":{"template":"highway","default_image_id":0,"font":"","enabled":false},"version":2}},"categories":[9],"tags":[31896,31895,31897,9921],"naslovna":[909],"class_list":["post-965383","post","type-post","status-publish","format-standard","has-post-thumbnail","hentry","category-drustvo","tag-osnivanje","tag-sindikat-medijskih-radnika-crne-gore","tag-sindikat-rtcg","tag-sindikat-rtv-podgorica","naslovna-naslovna-velika"],"acf":[],"jetpack_publicize_connections":[],"_links":{"self":[{"href":"https:\/\/gradski.me\/en\/wp-json\/wp\/v2\/posts\/965383","targetHints":{"allow":["GET"]}}],"collection":[{"href":"https:\/\/gradski.me\/en\/wp-json\/wp\/v2\/posts"}],"about":[{"href":"https:\/\/gradski.me\/en\/wp-json\/wp\/v2\/types\/post"}],"author":[{"embeddable":true,"href":"https:\/\/gradski.me\/en\/wp-json\/wp\/v2\/users\/13"}],"replies":[{"embeddable":true,"href":"https:\/\/gradski.me\/en\/wp-json\/wp\/v2\/comments?post=965383"}],"version-history":[{"count":1,"href":"https:\/\/gradski.me\/en\/wp-json\/wp\/v2\/posts\/965383\/revisions"}],"predecessor-version":[{"id":965386,"href":"https:\/\/gradski.me\/en\/wp-json\/wp\/v2\/posts\/965383\/revisions\/965386"}],"wp:featuredmedia":[{"embeddable":true,"href":"https:\/\/gradski.me\/en\/wp-json\/wp\/v2\/media\/965384"}],"wp:attachment":[{"href":"https:\/\/gradski.me\/en\/wp-json\/wp\/v2\/media?parent=965383"}],"wp:term":[{"taxonomy":"category","embeddable":true,"href":"https:\/\/gradski.me\/en\/wp-json\/wp\/v2\/categories?post=965383"},{"taxonomy":"post_tag","embeddable":true,"href":"https:\/\/gradski.me\/en\/wp-json\/wp\/v2\/tags?post=965383"},{"taxonomy":"naslovna","embeddable":true,"href":"https:\/\/gradski.me\/en\/wp-json\/wp\/v2\/naslovna?post=965383"}],"curies":[{"name":"wp","href":"https:\/\/api.w.org\/{rel}","templated":true}]}}