{"id":965380,"date":"2026-05-03T15:32:40","date_gmt":"2026-05-03T13:32:40","guid":{"rendered":"https:\/\/gradski.me\/?p=965380"},"modified":"2026-05-03T15:32:43","modified_gmt":"2026-05-03T13:32:43","slug":"ministarstvo-evropskih-poslova-dan-evrope-kroz-lokalne-price-i-mlade-stvaraoce","status":"publish","type":"post","link":"https:\/\/gradski.me\/en\/politika\/ministarstvo-evropskih-poslova-dan-evrope-kroz-lokalne-price-i-mlade-stvaraoce\/","title":{"rendered":"Ministry of European Affairs: Europe Day through local stories and young creators"},"content":{"rendered":"<p>Ove godine, proslava je organizovana u partnerstvu sa op\u0161tinama Herceg Novi, Andrijevica, Cetinje, Kotor, Tuzi, Gusinje i Plav, gdje \u0107e kroz kulturno-umjetni\u010dke programe, koje realizuju u\u010denici i njihove \u0161kole, evropske vrijednosti biti predstavljene na kreativan i autenti\u010dan na\u010din, navode iz Ministarstva.<\/p>\n\n\n\n<p>Program po\u010dinje 11. maja u Herceg Novom, gdje \u0107e u\u010denici SM\u0160 \u201eIvan Goran Kova\u010di\u0107\u201c izvesti kombinovani dramski, muzi\u010dki i likovni program \u201eMogu sam, ali ne moram\u201c. Dan kasnije, 12. maja u Andrijevici, u\u010denici O\u0160 \u201eBajo Joji\u0107\u201c predstavi\u0107e kratki igrokaz \u201eEvropa u na\u0161em dvori\u0161tu\u201c.<\/p>\n\n\n\n<p>Na Cetinju \u0107e 14. maja u\u010denici SL\u0160 \u201ePetar Lubarda\u201c izvesti performans-izlo\u017ebu \u201eKad se slova i glasovi slo\u017ee\u201c, dok \u0107e 15. maja u Kotoru, JU Gimnazija Kotor izvesti predstavu inspirisanu djelom \u201eMali princ\u201c.<\/p>\n\n\n\n<p>Program se nastavlja 18. maja u Tuzima, gdje \u0107e u\u010denici Medrese \u201eMehmed Fatih\u201c izvesti kratku dramsku formu \u201eMostovi, a ne zidovi\u201c.<\/p>\n\n\n\n<p>Zavr\u0161nica obilje\u017eavanja planirana je za 29. maj u Gusinju, gdje \u0107e u\u010denici SM\u0160 \u201eBe\u0107o Ba\u0161i\u0107\u201c i O\u0160 \u201eD\u017eafer Niko\u010devi\u0107\u201c iz Plava i Gusinja izvesti kulturno-umjetni\u010dki program \u201eOd Gusinja i Plava \u2013 do Brisela: Na\u0161a evropska pri\u010da\u201c.<\/p>\n\n\n\n<p>\u201eEvropska ideja u Crnoj Gori najjasnije se vidi tamo gdje ima prostora za stvaranje, dijalog i zajedni\u010dki rad \u2013 u \u0161kolama, gradovima i me\u0111u mladima koji joj daju novi smisao. Obilje\u017eavanje Dana Evrope ove godine povezujemo i sa va\u017enim jubilejom \u2013 20 godina od obnove nezavisnosti \u2013 ali i sa narednim korakom koji je pred nama: da pregovara\u010dki proces privedemo kraju tokom 2026. i spremno do\u010dekamo \u010dlanstvo u Evropskoj uniji 2028. godine. Upravo kroz ovakve inicijative pokazujemo da je evropski put ve\u0107 dio na\u0161e svakodnevice\u201c, saop\u0161teno je iz Ministarstva evropskih poslova.<\/p>\n\n\n\n<p>Dan Evrope slavi se i u ostalim op\u0161tinama. Delegacija Evropske unije u Crnoj Gori, uz podr\u0161ku Evropske ku\u0107e, tokom maja organizuje programe u Podgorici, Bijelom Polju i Baru. Centralna proslava bi\u0107e odr\u017eana 9. maja u Podgorici, uz EU sajam u Univerzitetskom parku i koncert regionalne muzi\u010dke zvijezde Nine Badri\u0107 na Trgu nezavisnosti, dok \u0107e u Baru i Bijelom Polju biti organizovani prate\u0107i muzi\u010dki programi.<\/p>\n\n\n\n<p>Kroz projekat Op\u0161tine za EU, obilje\u017eavanje Dana Evrope dodatno se \u0161iri na brojne druge op\u0161tine \u2013 Kola\u0161in, Nik\u0161i\u0107, Budvu, Ulcinj, Danilovgrad, Berane, \u017dabljak, Plu\u017eine, Petnjicu, Mojkovac, \u0160avnik, Tivat, Ro\u017eaje i Zetu \u2013 gdje \u0107e se realizovati raznovrsni programi: kulturno-umjetni\u010dki i edukativni sadr\u017eaji, sajmovi i izlo\u017ebe, ekolo\u0161ke akcije, kao i sportski i porodi\u010dni doga\u0111aji, prilago\u0111eni potrebama i interesovanjima lokalnih zajednica.<\/p>","protected":false},"excerpt":{"rendered":"<p>Ministarstvo evropskih poslova tradicionalno obilje\u017eava Dan Evrope \u0161irom Crne Gore, u saradnji sa Delegacijom Evropske unije u Crnoj Gori i uz podr\u0161ku projekta EU4ME, kroz programe koji gra\u0111anima pribli\u017eavaju evropske vrijednosti i duh zajedni\u0161tva.<\/p>","protected":false},"author":13,"featured_media":965381,"comment_status":"open","ping_status":"open","sticky":false,"template":"","format":"standard","meta":{"_acf_changed":false,"footnotes":"","jetpack_publicize_message":"","jetpack_publicize_feature_enabled":true,"jetpack_social_post_already_shared":true,"jetpack_social_options":{"image_generator_settings":{"template":"highway","default_image_id":0,"font":"","enabled":false},"version":2}},"categories":[7],"tags":[25371,7818,6795],"naslovna":[],"class_list":["post-965380","post","type-post","status-publish","format-standard","has-post-thumbnail","hentry","category-politika","tag-dan-evrope","tag-ministarstvo-evropskih-poslova","tag-proslava"],"acf":[],"jetpack_publicize_connections":[],"_links":{"self":[{"href":"https:\/\/gradski.me\/en\/wp-json\/wp\/v2\/posts\/965380","targetHints":{"allow":["GET"]}}],"collection":[{"href":"https:\/\/gradski.me\/en\/wp-json\/wp\/v2\/posts"}],"about":[{"href":"https:\/\/gradski.me\/en\/wp-json\/wp\/v2\/types\/post"}],"author":[{"embeddable":true,"href":"https:\/\/gradski.me\/en\/wp-json\/wp\/v2\/users\/13"}],"replies":[{"embeddable":true,"href":"https:\/\/gradski.me\/en\/wp-json\/wp\/v2\/comments?post=965380"}],"version-history":[{"count":1,"href":"https:\/\/gradski.me\/en\/wp-json\/wp\/v2\/posts\/965380\/revisions"}],"predecessor-version":[{"id":965382,"href":"https:\/\/gradski.me\/en\/wp-json\/wp\/v2\/posts\/965380\/revisions\/965382"}],"wp:featuredmedia":[{"embeddable":true,"href":"https:\/\/gradski.me\/en\/wp-json\/wp\/v2\/media\/965381"}],"wp:attachment":[{"href":"https:\/\/gradski.me\/en\/wp-json\/wp\/v2\/media?parent=965380"}],"wp:term":[{"taxonomy":"category","embeddable":true,"href":"https:\/\/gradski.me\/en\/wp-json\/wp\/v2\/categories?post=965380"},{"taxonomy":"post_tag","embeddable":true,"href":"https:\/\/gradski.me\/en\/wp-json\/wp\/v2\/tags?post=965380"},{"taxonomy":"naslovna","embeddable":true,"href":"https:\/\/gradski.me\/en\/wp-json\/wp\/v2\/naslovna?post=965380"}],"curies":[{"name":"wp","href":"https:\/\/api.w.org\/{rel}","templated":true}]}}