{"id":965373,"date":"2026-05-03T15:17:25","date_gmt":"2026-05-03T13:17:25","guid":{"rendered":"https:\/\/gradski.me\/?p=965373"},"modified":"2026-05-03T15:17:27","modified_gmt":"2026-05-03T13:17:27","slug":"vjeronauka-i-gradjansko-obrazovanje-razliciti-pristupi-isti-cilj","status":"publish","type":"post","link":"https:\/\/gradski.me\/en\/drustvo\/vjeronauka-i-gradjansko-obrazovanje-razliciti-pristupi-isti-cilj\/","title":{"rendered":"Religious Education and Civic Education: Different Approaches, Same Goal?"},"content":{"rendered":"<p>U trenutku kada se u Crnoj Gori ponovo otvara pitanje uvo\u0111enja vjeronauke u obrazovni sistem, dru\u0161tvo je pred ozbiljnom dilemom: gdje je granica izme\u0111u prava na vjeru i obaveze dr\u017eave da ostane sekularna?<\/p>\n\n\n\n<p>Da li vjeronauka zna\u010di povratak tradiciji i vrijednostima \u2013 ili rizik od novih podjela? I mo\u017ee li gra\u0111ansko obrazovanje zaista odgovoriti na izazove savremenog dru\u0161tva?<\/p>\n\n\n\n<p>Argumenti, \u010dinjenice i stavovovi \u2013 iz ugla civilnog sektora, vjere i prava.<\/p>\n\n\n\n<p><strong><em>Gosti<\/em>:<\/strong><\/p>\n\n\n\n<p><strong>Gojko Perovi\u0107<\/strong>, protojerej-stavrofor, arhijerejski namjesnik podgori\u010dko-kola\u0161inski<\/p>\n\n\n\n<p><strong>Enis Burd\u017eovi\u0107<\/strong>, Glavni imam Med\u017elisa islamske zajednice Bijelo Polje<\/p>\n\n\n\n<p><strong>Petar \u0110ukanovi\u0107<\/strong>, programski direktor u NVO Centar za gara\u0111ansko obrazovanje<\/p>\n\n\n\n<p>Referat, ponedjeljak od 20 sati na Televiziji Podgorica.<\/p>\n\n\n\n<p>Urednik i voditelj: <strong>Milan Sekulovi\u0107.<\/strong><\/p>\n\n\n\n<p><\/p>","protected":false},"excerpt":{"rendered":"<p>U novom izdanju Referata pokre\u0107emo pitanje: Da li \u0161kola treba da oblikuje gra\u0111anina ili vjernika?<\/p>","protected":false},"author":13,"featured_media":855007,"comment_status":"open","ping_status":"open","sticky":false,"template":"","format":"standard","meta":{"_acf_changed":false,"footnotes":"","jetpack_publicize_message":"","jetpack_publicize_feature_enabled":true,"jetpack_social_post_already_shared":true,"jetpack_social_options":{"image_generator_settings":{"template":"highway","default_image_id":0,"font":"","enabled":false},"version":2}},"categories":[9],"tags":[31894,973,15714,7200],"naslovna":[910],"class_list":["post-965373","post","type-post","status-publish","format-standard","has-post-thumbnail","hentry","category-drustvo","tag-enis-burdzovic","tag-gojko-perovic","tag-petar-djukanovic","tag-referat","naslovna-preporuceno"],"acf":[],"jetpack_publicize_connections":[],"_links":{"self":[{"href":"https:\/\/gradski.me\/en\/wp-json\/wp\/v2\/posts\/965373","targetHints":{"allow":["GET"]}}],"collection":[{"href":"https:\/\/gradski.me\/en\/wp-json\/wp\/v2\/posts"}],"about":[{"href":"https:\/\/gradski.me\/en\/wp-json\/wp\/v2\/types\/post"}],"author":[{"embeddable":true,"href":"https:\/\/gradski.me\/en\/wp-json\/wp\/v2\/users\/13"}],"replies":[{"embeddable":true,"href":"https:\/\/gradski.me\/en\/wp-json\/wp\/v2\/comments?post=965373"}],"version-history":[{"count":1,"href":"https:\/\/gradski.me\/en\/wp-json\/wp\/v2\/posts\/965373\/revisions"}],"predecessor-version":[{"id":965376,"href":"https:\/\/gradski.me\/en\/wp-json\/wp\/v2\/posts\/965373\/revisions\/965376"}],"wp:featuredmedia":[{"embeddable":true,"href":"https:\/\/gradski.me\/en\/wp-json\/wp\/v2\/media\/855007"}],"wp:attachment":[{"href":"https:\/\/gradski.me\/en\/wp-json\/wp\/v2\/media?parent=965373"}],"wp:term":[{"taxonomy":"category","embeddable":true,"href":"https:\/\/gradski.me\/en\/wp-json\/wp\/v2\/categories?post=965373"},{"taxonomy":"post_tag","embeddable":true,"href":"https:\/\/gradski.me\/en\/wp-json\/wp\/v2\/tags?post=965373"},{"taxonomy":"naslovna","embeddable":true,"href":"https:\/\/gradski.me\/en\/wp-json\/wp\/v2\/naslovna?post=965373"}],"curies":[{"name":"wp","href":"https:\/\/api.w.org\/{rel}","templated":true}]}}