{"id":965369,"date":"2026-05-03T15:11:21","date_gmt":"2026-05-03T13:11:21","guid":{"rendered":"https:\/\/gradski.me\/?p=965369"},"modified":"2026-05-03T15:11:24","modified_gmt":"2026-05-03T13:11:24","slug":"milatovic-u-jerevanu-sa-evropskim-liderima-na-samitu-evropske-politicke-zajednice","status":"publish","type":"post","link":"https:\/\/gradski.me\/en\/politika\/milatovic-u-jerevanu-sa-evropskim-liderima-na-samitu-evropske-politicke-zajednice\/","title":{"rendered":"Milatovi\u0107 in Yerevan with European leaders at the European Political Community Summit"},"content":{"rendered":"<p>\u201cU okviru Samita, predsjednik \u0107e prisustvovati plenarnoj sjednici, te kopredsjedavati okruglim stolom na temu \u201eJa\u010danje demokratske otpornosti i suo\u010davanje sa hibridnim prijetnjama\u201c zajedno sa predsjednikom Rumunije Niku\u0161orom Danom. Predsjednik \u0107e u\u010destvovati i na drugom neformalnom sastanku Evropske koalicije za borbu protiv droga, koju su pokrenuli francuski predsjednik Makron i italijanska premijerka Meloni, a tako\u0111e \u0107e prisustvovati i radnoj ve\u010deri \u010diji su doma\u0107ini predsjednik Jermenije Vahan Ha\u010daturjan i premijer Nikol Pa\u0161injan\u201c, navode iz kabineta Milatovi\u0107a.<\/p>\n\n\n\n<p>Milatovi\u0107 \u0107e, dodaju, imati i bilateralni sastanak sa predsjednikom Evropskog savjeta Antoniom Ko\u0161tom.<\/p>\n\n\n\n<p>Samit \u0107e okupiti brojne evropske i me\u0111unarodne lidere, me\u0111u kojima je i premijer Kanade Mark Karni, koji prvi put u\u010destvuje na ovom samitu.<\/p>\n\n\n\n<p>Samit se odr\u017eava u va\u017enom trenutku za Evropu i predstavlja platformu za razgovore o klju\u010dnim pitanjima bezbjednosti, ekonomske i energetske stabilnosti, kao i ja\u010danja demokratske otpornosti.<\/p>\n\n\n\n<p>\u201cU\u010de\u0161\u0107e predsjednika Milatovi\u0107a predstavlja nastavak intenzivne diplomatske aktivnosti sa jasnim fokusom na ubrzanje evropskog puta dr\u017eave i dalju afirmaciju Crne Gore kao naredne \u010dlanice Evropske unije. U tom smislu, Samit u Jerevanu bi\u0107e prilika da se dodatno u\u010dvrste partnerstva sa evropskim liderima i potvrdi posve\u0107enost Crne Gore evropskim integracijama\u201d, zaklju\u010duje se u saop\u0161tenju.<\/p>","protected":false},"excerpt":{"rendered":"<p>Predsjednik Crne Gore Jakov Milatovi\u0107 u\u010destvova\u0107e 4. maja 2026. godine na 8. samitu Evropske politi\u010dke zajednice u Jerevanu, u Republici Jermeniji, saop\u0161teno je iz njegovog kabineta.<\/p>","protected":false},"author":13,"featured_media":928007,"comment_status":"open","ping_status":"open","sticky":false,"template":"","format":"standard","meta":{"_acf_changed":false,"footnotes":"","jetpack_publicize_message":"","jetpack_publicize_feature_enabled":true,"jetpack_social_post_already_shared":true,"jetpack_social_options":{"image_generator_settings":{"template":"highway","default_image_id":0,"font":"","enabled":false},"version":2}},"categories":[7],"tags":[78,8106,7906],"naslovna":[],"class_list":["post-965369","post","type-post","status-publish","format-standard","has-post-thumbnail","hentry","category-politika","tag-jakov-milatovic","tag-jermenija","tag-samit-evropske-politicke-zajednice"],"acf":[],"jetpack_publicize_connections":[],"_links":{"self":[{"href":"https:\/\/gradski.me\/en\/wp-json\/wp\/v2\/posts\/965369","targetHints":{"allow":["GET"]}}],"collection":[{"href":"https:\/\/gradski.me\/en\/wp-json\/wp\/v2\/posts"}],"about":[{"href":"https:\/\/gradski.me\/en\/wp-json\/wp\/v2\/types\/post"}],"author":[{"embeddable":true,"href":"https:\/\/gradski.me\/en\/wp-json\/wp\/v2\/users\/13"}],"replies":[{"embeddable":true,"href":"https:\/\/gradski.me\/en\/wp-json\/wp\/v2\/comments?post=965369"}],"version-history":[{"count":1,"href":"https:\/\/gradski.me\/en\/wp-json\/wp\/v2\/posts\/965369\/revisions"}],"predecessor-version":[{"id":965371,"href":"https:\/\/gradski.me\/en\/wp-json\/wp\/v2\/posts\/965369\/revisions\/965371"}],"wp:featuredmedia":[{"embeddable":true,"href":"https:\/\/gradski.me\/en\/wp-json\/wp\/v2\/media\/928007"}],"wp:attachment":[{"href":"https:\/\/gradski.me\/en\/wp-json\/wp\/v2\/media?parent=965369"}],"wp:term":[{"taxonomy":"category","embeddable":true,"href":"https:\/\/gradski.me\/en\/wp-json\/wp\/v2\/categories?post=965369"},{"taxonomy":"post_tag","embeddable":true,"href":"https:\/\/gradski.me\/en\/wp-json\/wp\/v2\/tags?post=965369"},{"taxonomy":"naslovna","embeddable":true,"href":"https:\/\/gradski.me\/en\/wp-json\/wp\/v2\/naslovna?post=965369"}],"curies":[{"name":"wp","href":"https:\/\/api.w.org\/{rel}","templated":true}]}}