{"id":965364,"date":"2026-05-03T15:40:00","date_gmt":"2026-05-03T13:40:00","guid":{"rendered":"https:\/\/gradski.me\/?p=965364"},"modified":"2026-05-03T14:59:05","modified_gmt":"2026-05-03T12:59:05","slug":"karvahal-na-kraju-sezone-zavrsava-karijeru","status":"publish","type":"post","link":"https:\/\/gradski.me\/en\/sport\/karvahal-na-kraju-sezone-zavrsava-karijeru\/","title":{"rendered":"Carvajal to retire at end of season"},"content":{"rendered":"<p>Carvajal is a legend of the club, with whom he won six Champions Leagues.<\/p>\n\n\n\n<p>Just a day after returning to the pitch, he injured his finger, which will keep him out for two weeks. During his 13 years in the white jersey, Carvajal played 448 matches, scoring 14 goals and providing 65 assists.<\/p>\n\n\n\n<p>\"If his presence already seemed unlikely due to the limited minutes he has played since his return, now the situation is even more uncertain, if not impossible. Real Madrid are hoping he will return in time for the final league match at the Bernabeu against Athletic Bilbao, which would be an opportunity to say goodbye to the place that will forever remain his home after 13 seasons in the white jersey,\" writes Marca.<\/p>\n\n\n\n<p>So the match against Athletic Bilbao in the final round of the Primera could mark the end of his career.<\/p>","protected":false},"excerpt":{"rendered":"<p>Desni bek Reala, Dani Karvahal razmi\u0161lja da zbog povrede na kraju sezone zavr\u0161i igra\u010dku karijeru, pi\u0161e &#8222;Marka&#8220;.<\/p>","protected":false},"author":6,"featured_media":965366,"comment_status":"open","ping_status":"open","sticky":false,"template":"","format":"standard","meta":{"_acf_changed":false,"footnotes":"","jetpack_publicize_message":"","jetpack_publicize_feature_enabled":true,"jetpack_social_post_already_shared":true,"jetpack_social_options":{"image_generator_settings":{"template":"highway","default_image_id":0,"font":"","enabled":false},"version":2}},"categories":[15],"tags":[31892],"naslovna":[],"class_list":["post-965364","post","type-post","status-publish","format-standard","has-post-thumbnail","hentry","category-sport","tag-dani-kavrahal"],"acf":[],"jetpack_publicize_connections":[],"_links":{"self":[{"href":"https:\/\/gradski.me\/en\/wp-json\/wp\/v2\/posts\/965364","targetHints":{"allow":["GET"]}}],"collection":[{"href":"https:\/\/gradski.me\/en\/wp-json\/wp\/v2\/posts"}],"about":[{"href":"https:\/\/gradski.me\/en\/wp-json\/wp\/v2\/types\/post"}],"author":[{"embeddable":true,"href":"https:\/\/gradski.me\/en\/wp-json\/wp\/v2\/users\/6"}],"replies":[{"embeddable":true,"href":"https:\/\/gradski.me\/en\/wp-json\/wp\/v2\/comments?post=965364"}],"version-history":[{"count":1,"href":"https:\/\/gradski.me\/en\/wp-json\/wp\/v2\/posts\/965364\/revisions"}],"predecessor-version":[{"id":965365,"href":"https:\/\/gradski.me\/en\/wp-json\/wp\/v2\/posts\/965364\/revisions\/965365"}],"wp:featuredmedia":[{"embeddable":true,"href":"https:\/\/gradski.me\/en\/wp-json\/wp\/v2\/media\/965366"}],"wp:attachment":[{"href":"https:\/\/gradski.me\/en\/wp-json\/wp\/v2\/media?parent=965364"}],"wp:term":[{"taxonomy":"category","embeddable":true,"href":"https:\/\/gradski.me\/en\/wp-json\/wp\/v2\/categories?post=965364"},{"taxonomy":"post_tag","embeddable":true,"href":"https:\/\/gradski.me\/en\/wp-json\/wp\/v2\/tags?post=965364"},{"taxonomy":"naslovna","embeddable":true,"href":"https:\/\/gradski.me\/en\/wp-json\/wp\/v2\/naslovna?post=965364"}],"curies":[{"name":"wp","href":"https:\/\/api.w.org\/{rel}","templated":true}]}}