{"id":965340,"date":"2026-05-03T15:12:00","date_gmt":"2026-05-03T13:12:00","guid":{"rendered":"https:\/\/gradski.me\/?p=965340"},"modified":"2026-05-03T13:29:44","modified_gmt":"2026-05-03T11:29:44","slug":"uljarevic-i-popovic-predstavljali-niksic-kao-unesco-grad-muzike","status":"publish","type":"post","link":"https:\/\/gradski.me\/en\/kultura\/uljarevic-i-popovic-predstavljali-niksic-kao-unesco-grad-muzike\/","title":{"rendered":"Uljarevi\u0107 and Popovi\u0107 presented Nik\u0161i\u0107 as a UNESCO City of Music"},"content":{"rendered":"<p><\/p>\n\n\n\n<p>Ovo je prvo predstavljanje Nik\u0161i\u0107a na jednoj UNESCO konferenciji, u svojstvu grada koji je 2025. godine postao \u010dlan UNESCO mre\u017ee kreativnih gradova u oblasti muzike.<\/p>\n\n\n\n<p>Konferencija je okupila predstavnike UNESCO kreativnih gradova i gradova svjetske ba\u0161tine iz regiona jugoisto\u010dne Evrope, kao i renomirane stru\u010dnjake iz oblasti kulture, turizma, urbanog razvoja i za\u0161tite kulturnog naslje\u0111a.<\/p>\n\n\n\n<p>Tokom dvodnevnog programa razmatrane su savremene politike odr\u017eivog upravljanja kulturnim turizmom, za\u0161tite istorijskih urbanih cjelina, razvoja kreativnih industrija, kao i mogu\u0107nosti primjene digitalnih tehnologija i vje\u0161ta\u010dke inteligencije u unapre\u0111enju upravljanja gradovima. U fokusu su bili modeli koji omogu\u0107avaju ravnote\u017eu izme\u0111u turisti\u010dkog razvoja, o\u010duvanja autenti\u010dnosti prostora i kvaliteta \u017eivota lokalnog stanovni\u0161tva.<\/p>\n\n\n\n<p>Konferencija je bila prilika za uspostavljanje novih partnerstava, razmjenu iskustava i predstavljanje potencijala Nik\u0161i\u0107a kao UNESCO grada muzike i Evropske prestonice kulture.<\/p>","protected":false},"excerpt":{"rendered":"<p>Mato Uljarevi\u0107 i Nemanja Popovi\u0107 predstavljali su Nik\u0161i\u0107 kao UNESCO Grad muzike na me\u0111unarodnoj konferenciji \u201eUNESCO Creative and World Heritage Cities: Towards Integrated Strategies for Sustainable Cultural Tourism Management\u201c, koja je odr\u017eana 27. i 28. aprila 2026. godine u Mostaru, u organizaciji UNESCO-a, grada Mostara i Turisti\u010dke zajednice grada Mostara, uz finansijsku podr\u0161ku Evropske Unije.<\/p>","protected":false},"author":13,"featured_media":965345,"comment_status":"open","ping_status":"open","sticky":false,"template":"","format":"standard","meta":{"_acf_changed":false,"footnotes":"","jetpack_publicize_message":"","jetpack_publicize_feature_enabled":true,"jetpack_social_post_already_shared":true,"jetpack_social_options":{"image_generator_settings":{"template":"highway","default_image_id":0,"font":"","enabled":false},"version":2}},"categories":[11],"tags":[14053,111],"naslovna":[],"class_list":["post-965340","post","type-post","status-publish","format-standard","has-post-thumbnail","hentry","category-kultura","tag-niksic-2030-evropska-prestonica-kulture-2","tag-unesco"],"acf":[],"jetpack_publicize_connections":[],"_links":{"self":[{"href":"https:\/\/gradski.me\/en\/wp-json\/wp\/v2\/posts\/965340","targetHints":{"allow":["GET"]}}],"collection":[{"href":"https:\/\/gradski.me\/en\/wp-json\/wp\/v2\/posts"}],"about":[{"href":"https:\/\/gradski.me\/en\/wp-json\/wp\/v2\/types\/post"}],"author":[{"embeddable":true,"href":"https:\/\/gradski.me\/en\/wp-json\/wp\/v2\/users\/13"}],"replies":[{"embeddable":true,"href":"https:\/\/gradski.me\/en\/wp-json\/wp\/v2\/comments?post=965340"}],"version-history":[{"count":1,"href":"https:\/\/gradski.me\/en\/wp-json\/wp\/v2\/posts\/965340\/revisions"}],"predecessor-version":[{"id":965346,"href":"https:\/\/gradski.me\/en\/wp-json\/wp\/v2\/posts\/965340\/revisions\/965346"}],"wp:featuredmedia":[{"embeddable":true,"href":"https:\/\/gradski.me\/en\/wp-json\/wp\/v2\/media\/965345"}],"wp:attachment":[{"href":"https:\/\/gradski.me\/en\/wp-json\/wp\/v2\/media?parent=965340"}],"wp:term":[{"taxonomy":"category","embeddable":true,"href":"https:\/\/gradski.me\/en\/wp-json\/wp\/v2\/categories?post=965340"},{"taxonomy":"post_tag","embeddable":true,"href":"https:\/\/gradski.me\/en\/wp-json\/wp\/v2\/tags?post=965340"},{"taxonomy":"naslovna","embeddable":true,"href":"https:\/\/gradski.me\/en\/wp-json\/wp\/v2\/naslovna?post=965340"}],"curies":[{"name":"wp","href":"https:\/\/api.w.org\/{rel}","templated":true}]}}