{"id":965330,"date":"2026-05-03T14:16:00","date_gmt":"2026-05-03T12:16:00","guid":{"rendered":"https:\/\/gradski.me\/?p=965330"},"modified":"2026-05-03T13:09:41","modified_gmt":"2026-05-03T11:09:41","slug":"jokic-put-ka-eu-zavisi-i-od-reputacije-drzave-kao-pouzdanog-partnera","status":"publish","type":"post","link":"https:\/\/gradski.me\/en\/politika\/jokic-put-ka-eu-zavisi-i-od-reputacije-drzave-kao-pouzdanog-partnera\/","title":{"rendered":"Joki\u0107: The path to the EU also depends on the country's reputation as a reliable partner"},"content":{"rendered":"<p><\/p>\n\n\n\n<p>Joki\u0107 je u intervjuu Agenciji MINA rekla da je cilj o zatvaranju preostalih pregovara\u010dkih poglavlja do kraja godine ambiciozan, a dinamika izrazito slo\u017eena.<\/p>\n\n\n\n<p>\u201cU decembru pro\u0161le godine Crna Gora je zatvorila pet poglavlja i u\u0161la u ovu godinu sa ukupno 11 zatvorenih. Do danas je taj broj porastao na 14 zatvorenih poglavlja\u201d, navela je Joki\u0107.<\/p>\n\n\n\n<p>Prema njenim rije\u010dima, pred Crnom Gorom ostaje ogroman posao, a su\u0161tinski problem je u tome \u0161to se reforme vladavine prava ne mogu \u201cnaru\u010diti\u201d po kalendarskom rasporedu.<\/p>\n\n\n\n<p>\u201cSlu\u010daj iz decembra pro\u0161le godine i francuskog zadr\u017eavanja podr\u0161ke za poglavlja 11 i 13 nam jasno pokazuje da put ka EU ne zavisi isklju\u010divo od ispunjavanja tehni\u010dkih kriterijuma, ve\u0107 i od reputacije dr\u017eave kao pouzdanog i predvidivog partnera, a ta reputacija je krhka kada institucije daju protivurje\u010dne signale\u201d, kazala je Joki\u0107.<\/p>\n\n\n\n<p>Na pitanje da li je formiranje radne grupe za izradu Ugovora o pristupanju Crne Gore EU dobar signal, ona je odgovorila potvrdno, navode\u0107i da je to vjerovatno najkonkretniji institucionalni signal do sada.<\/p>\n\n\n\n<p>Joki\u0107 je rekla da je ovo prvi put nakon pro\u0161irenja iz 2013. godine, kada je Hrvatska u\u0161la u EU, da je pokrenuta izrada konkretnog pristupnog ugovora.<\/p>\n\n\n\n<p>\u201cTo je odlu\u010duju\u0107i signal da je pregovara\u010dki proces blizu formalno-pravnog dijela punopravnog \u010dlanstva, ali treba biti oprezan sa euforijom\u201d, poru\u010dila je Joki\u0107.<\/p>\n\n\n\n<p>Ugovor, kako je navela, mora biti ratifikovan u svim dr\u017eavama \u010dlanicama, a to je proces koji mo\u017ee potrajati i du\u017ee od godinu.<\/p>\n\n\n\n<p>\u201cKomesarka (Marta) Kos naglasila je da \u0107e ovaj ugovor biti prvi koji uklju\u010duje nove, stro\u017ee za\u0161titne mehanizme, kako bi se sprije\u010dilo nazadovanje u oblasti vladavine prava. Dakle, signal je pozitivan, ali nova za\u0161titna klauzula govori da EU ovoga puta ne namjerava zatvoriti o\u010di pred strukturnim problemima\u201d, dodala je Joki\u0107.<\/p>\n\n\n\n<p>Upitana da li \u0107e opozicija i vlast uva\u017eiti apel ambasadora EU Johana Satlera koji je pozvao da rade na obnovi jedinstva u cilju zavr\u0161etka zahtjevnog posla na evropskom putu, Joki\u0107 je kazala da taj apel nije nov.<\/p>\n\n\n\n<p>\u201cSatler je tra\u017eio disciplinu, fokus i nacionalno jedinstvo kao preduslov za nastavak napretka na evropskom putu\u201d, navela je Joki\u0107.<\/p>\n\n\n\n<p>Me\u0111utim, kako je rekla, istorija pokazuje da se u Crnoj Gori jedinstvo obi\u010dno posti\u017ee tek pod pritiskom spoljnih aktera, a ne kao izraz zrele demokratske kulture, \u0161to je porazno za crnogorsko dru\u0161tvo.<\/p>\n\n\n\n<p>\u201cSporazum vlasti i opozicije potpisan je u prostorijama Delegacije EU, gdje je Satler organizovao sastanak, \u0161to samo po sebi govori ko dr\u017ei klju\u010deve crnogorskog dijaloga\u201d, kazala je Joki\u0107.<\/p>\n\n\n\n<p>Ona je navela da su politi\u010dki akteri u stanju da se dogovore kada je EU direktno uklju\u010dena kao moderator, ali da se izme\u0111u tih momenata konsenzus lako raspada i da je te\u0161ko govoriti o iskrenoj koheziji u sistemu u kome partije sara\u0111uju iza zatvorenih vrata kada im odgovara, a me\u0111usobno se blokiraju kada ne odgovara.<\/p>\n\n\n\n<p>\u201cZabrinjavaju\u0107e je i to da se od civilnog dru\u0161tva tra\u017ei podr\u0161ka reformama, ali se rijetko uzima u obzir njegova kritika kvaliteta tih reformi\u201d, dodala je Joki\u0107.<\/p>\n\n\n\n<p>Upitana da li je sada kasno za sprovo\u0111enje izborne reforme, ona je kazala da nije, ali da svako dalje odga\u0111anje skupo ko\u0161ta.<\/p>\n\n\n\n<p>\u201cAko sljede\u0107i parlamentarni izbori dolaze 2027. godine, prozor se rapidno zatvara\u201d, kazala je Joki\u0107.<\/p>\n\n\n\n<p>Ona je rekla da je potrebno makar godinu do dvije da nova zakonska rje\u0161enja za\u017eive u praksi, \u0161to zna\u010di da \u010dak i reforma zavr\u0161ena tokom ove godine nosi realan rizik da naredni izbori budu sprovedeni po nedovoljno testiranim pravilima.<\/p>\n\n\n\n<p>\u201cKasno ne zna\u010di nemogu\u0107e, ali zna\u010di da je prostor za gre\u0161ke gotovo nula\u201d, dodala je Joki\u0107.<\/p>\n\n\n\n<p>Na pitanje da li postoji politi\u010dka volja za izbornu reformu, konkretno za uvo\u0111enje otvorenih listi i sre\u0111ivanje bira\u010dkih spiskova, Joki\u0107 je odgovorila da ona postoji u govorima, ali ne i u djelima.<\/p>\n\n\n\n<p>Joki\u0107 je kazala da otvorene liste same po sebi nijesu dovoljan lijek, poru\u010duju\u0107i da je za borbu protiv partitokratije, nepotizma i klijentelizma potrebno raditi na \u0161irem pravnom i institucionalnom okviru.<\/p>\n\n\n\n<p>\u201cUpozorenja civilnog sektora, da se Crna Gora opasno pribli\u017eava \u201cta\u010dki bez povratka\u201d kada je rije\u010d o rokovima za zavr\u0161etak izborne reforme, ostaju neodgovorena. Partijama odgovaraju zatvorene liste, jer zadr\u017eavaju kontrolu nad kadrovskim odlukama. Ono \u0161to se prikazuje kao tehni\u010dki problem je zapravo duboko politi\u010dki\u201d, navela je Joki\u0107.<\/p>\n\n\n\n<p>Na pitanje da li zastoj u izbornoj reformi mo\u017ee negativno uticati na evropski put, ona je odgovorila potvrdno. \u201cMo\u017ee, i ve\u0107 se odra\u017eava na ukupnu ocjenu demokratskog napretka\u201d, navela je Joki\u0107.<\/p>\n\n\n\n<p>Ona je kazala da je Poglavlje 23, koje pokriva temeljna prava i demokratske standarde, jedno od najte\u017eih za zatvaranje upravo zato \u0161to uklju\u010duje i izborne standarde.<\/p>\n\n\n\n<p>\u201cSatler je naglasio da su poglavlja 23 i 24 najte\u017ei izazov koji treba stalno biti u fokusu, a reforma sprovedena parcijalno ne pru\u017ea garancije koje EU tra\u017ei\u201d, dodala je Joki\u0107.<\/p>\n\n\n\n<p>Kako je rekla, kada me\u0111unarodni partneri vide da se iste preporuke ponavljaju iz ciklusa u ciklus bez su\u0161tinske implementacije, to dugoro\u010dno naru\u0161ava povjerenje.<\/p>\n\n\n\n<p>\u201cA povjerenje je, kako smo vidjeli na primjeru Francuske u decembru pro\u0161le godine, valuta bez koje se \u010dak i tehni\u010dki ispunjena poglavlja ne mogu zatvoriti\u201d, istakla je Joki\u0107.<\/p>","protected":false},"excerpt":{"rendered":"<p>Put ka Evropskoj uniji (EU) ne zavisi isklju\u010divo od ispunjavanja tehni\u010dkih kriterijuma, ve\u0107 i od reputacije dr\u017eave kao pouzdanog i predvidivog partnera, kazala je gra\u0111anska aktivistkinja Bojana Joki\u0107, navode\u0107i da je pred Crnom Gorom ogroman posao.<\/p>","protected":false},"author":13,"featured_media":551078,"comment_status":"open","ping_status":"open","sticky":false,"template":"","format":"standard","meta":{"_acf_changed":false,"footnotes":"","jetpack_publicize_message":"","jetpack_publicize_feature_enabled":true,"jetpack_social_post_already_shared":true,"jetpack_social_options":{"image_generator_settings":{"template":"highway","default_image_id":0,"font":"","enabled":false},"version":2}},"categories":[7],"tags":[5874,282],"naslovna":[],"class_list":["post-965330","post","type-post","status-publish","format-standard","has-post-thumbnail","hentry","category-politika","tag-bojana-jokic","tag-eu"],"acf":[],"jetpack_publicize_connections":[],"_links":{"self":[{"href":"https:\/\/gradski.me\/en\/wp-json\/wp\/v2\/posts\/965330","targetHints":{"allow":["GET"]}}],"collection":[{"href":"https:\/\/gradski.me\/en\/wp-json\/wp\/v2\/posts"}],"about":[{"href":"https:\/\/gradski.me\/en\/wp-json\/wp\/v2\/types\/post"}],"author":[{"embeddable":true,"href":"https:\/\/gradski.me\/en\/wp-json\/wp\/v2\/users\/13"}],"replies":[{"embeddable":true,"href":"https:\/\/gradski.me\/en\/wp-json\/wp\/v2\/comments?post=965330"}],"version-history":[{"count":1,"href":"https:\/\/gradski.me\/en\/wp-json\/wp\/v2\/posts\/965330\/revisions"}],"predecessor-version":[{"id":965332,"href":"https:\/\/gradski.me\/en\/wp-json\/wp\/v2\/posts\/965330\/revisions\/965332"}],"wp:featuredmedia":[{"embeddable":true,"href":"https:\/\/gradski.me\/en\/wp-json\/wp\/v2\/media\/551078"}],"wp:attachment":[{"href":"https:\/\/gradski.me\/en\/wp-json\/wp\/v2\/media?parent=965330"}],"wp:term":[{"taxonomy":"category","embeddable":true,"href":"https:\/\/gradski.me\/en\/wp-json\/wp\/v2\/categories?post=965330"},{"taxonomy":"post_tag","embeddable":true,"href":"https:\/\/gradski.me\/en\/wp-json\/wp\/v2\/tags?post=965330"},{"taxonomy":"naslovna","embeddable":true,"href":"https:\/\/gradski.me\/en\/wp-json\/wp\/v2\/naslovna?post=965330"}],"curies":[{"name":"wp","href":"https:\/\/api.w.org\/{rel}","templated":true}]}}