{"id":965327,"date":"2026-05-03T14:02:00","date_gmt":"2026-05-03T12:02:00","guid":{"rendered":"https:\/\/gradski.me\/?p=965327"},"modified":"2026-05-03T13:03:35","modified_gmt":"2026-05-03T11:03:35","slug":"prijatelji-zivotinja-podgorica-mjestani-balijaca-godinama-trpe-stetu-zbog-zapustene-vlasnicke-stoke","status":"publish","type":"post","link":"https:\/\/gradski.me\/en\/drustvo\/prijatelji-zivotinja-podgorica-mjestani-balijaca-godinama-trpe-stetu-zbog-zapustene-vlasnicke-stoke\/","title":{"rendered":"Animal Friends Podgorica: Residents of Balija\u010da have been suffering damage for years due to neglected livestock"},"content":{"rendered":"<p><\/p>\n\n\n\n<p>\u201cNaime, kako ka\u017eu, izvjesni Zeki\u0107 iz tog mjesta dr\u017ei \u017eivotinje mimo svih zakonskih propisa, pa tako njegove krave i bikovi lutaju po kom\u0161ijskim dvori\u0161tima, pri\u010dinjavaju\u0107i im ogromnu \u0161tetu u potrazi za hranom i vodom, jer kako ka\u017eu vlasnik ne vodi brigu o njima. Tako\u0111e se de\u0161avalo vi\u0161e puta da istom vlasniku ovce pobije voz, da le\u0161evi budu du\u017ci period na livadi, da ih razvla\u010de druge \u017eivotinje, pa mje\u0161tani strahuju od \u0161irenja zaraze\u201d, navodi se u saop\u0161tenju.<\/p>\n\n\n\n<p>Kako navode iz NVO \u201cPrijatelji \u017eivotinja Podgorica\u201d prijavljivali su i mje\u0161tani i nevladine organizacije nebrojeno puta tog sto\u010dara nadle\u017enim institucijama, ali vi\u0161e od decenije niko ni\u0161ta konkretno nije preduzeo.<\/p>\n\n\n\n<p>Imaju\u0107i to u vidu, iz ove NVO pitaju, kako su rekli, da li su nadle\u017ene institucije nesposobne da urade posao za koji ih gra\u0111ani pla\u0107aju ili je jedan \u010dovjek iznad dr\u017eave.<\/p>\n\n\n\n<p>\u201cOvom prilikom, po ko zna koji put pozivamo nadle\u017ene institucije, prije svega Veterinarsku inspekciju da hitno reaguju, jer u ovom slu\u010daju ima i te kako pino posla za njih. Pomenuti sto\u010dar, kako saznajemo ne vodi brigu o \u017eivotinjama, iste su neobilne\u017eene, tako da je to sasvim dovoljno da se odmah adekvatnobreaguje. Da li pomenutom treba oduzeti stoku ili ga pak visokim kaznama natjerati da povede brigu o svojim \u017eivotinjama, to neka sami odlu\u010de, ali je krajnji trenutak da se probude iz zimskog sna i kona\u010dno urade ne\u0161to\u201d, zaklju\u010dili su iz NVO \u201cPrijatelji \u017eivotinja Podgorica\u201d.<\/p>","protected":false},"excerpt":{"rendered":"<p>Iz nevladine organizacije \u201cPrijatelji \u017eivotinja Podgorica\u201d saop\u0161tili su da im ve\u0107 du\u017ei niz godina sti\u017eu obra\u0107anja mje\u0161tana Balija\u010da u Zeti, zbog problema vlasni\u010dke stoke, koja im, kako tvrde, pri\u010dinjava \u0161tetu.<\/p>","protected":false},"author":13,"featured_media":965328,"comment_status":"open","ping_status":"open","sticky":false,"template":"","format":"standard","meta":{"_acf_changed":false,"footnotes":"","jetpack_publicize_message":"","jetpack_publicize_feature_enabled":true,"jetpack_social_post_already_shared":true,"jetpack_social_options":{"image_generator_settings":{"template":"highway","default_image_id":0,"font":"","enabled":false},"version":2}},"categories":[9],"tags":[28,31888],"naslovna":[],"class_list":["post-965327","post","type-post","status-publish","format-standard","has-post-thumbnail","hentry","category-drustvo","tag-podgorica","tag-prijatelji-zivotnja"],"acf":[],"jetpack_publicize_connections":[],"_links":{"self":[{"href":"https:\/\/gradski.me\/en\/wp-json\/wp\/v2\/posts\/965327","targetHints":{"allow":["GET"]}}],"collection":[{"href":"https:\/\/gradski.me\/en\/wp-json\/wp\/v2\/posts"}],"about":[{"href":"https:\/\/gradski.me\/en\/wp-json\/wp\/v2\/types\/post"}],"author":[{"embeddable":true,"href":"https:\/\/gradski.me\/en\/wp-json\/wp\/v2\/users\/13"}],"replies":[{"embeddable":true,"href":"https:\/\/gradski.me\/en\/wp-json\/wp\/v2\/comments?post=965327"}],"version-history":[{"count":1,"href":"https:\/\/gradski.me\/en\/wp-json\/wp\/v2\/posts\/965327\/revisions"}],"predecessor-version":[{"id":965329,"href":"https:\/\/gradski.me\/en\/wp-json\/wp\/v2\/posts\/965327\/revisions\/965329"}],"wp:featuredmedia":[{"embeddable":true,"href":"https:\/\/gradski.me\/en\/wp-json\/wp\/v2\/media\/965328"}],"wp:attachment":[{"href":"https:\/\/gradski.me\/en\/wp-json\/wp\/v2\/media?parent=965327"}],"wp:term":[{"taxonomy":"category","embeddable":true,"href":"https:\/\/gradski.me\/en\/wp-json\/wp\/v2\/categories?post=965327"},{"taxonomy":"post_tag","embeddable":true,"href":"https:\/\/gradski.me\/en\/wp-json\/wp\/v2\/tags?post=965327"},{"taxonomy":"naslovna","embeddable":true,"href":"https:\/\/gradski.me\/en\/wp-json\/wp\/v2\/naslovna?post=965327"}],"curies":[{"name":"wp","href":"https:\/\/api.w.org\/{rel}","templated":true}]}}