{"id":965321,"date":"2026-05-03T13:20:00","date_gmt":"2026-05-03T11:20:00","guid":{"rendered":"https:\/\/gradski.me\/?p=965321"},"modified":"2026-05-03T15:42:41","modified_gmt":"2026-05-03T13:42:41","slug":"up-oduzeta-vozila-visoke-klase-uhapseno-14-vozaca","status":"publish","type":"post","link":"https:\/\/gradski.me\/en\/hronika\/up-oduzeta-vozila-visoke-klase-uhapseno-14-vozaca\/","title":{"rendered":"Ljubo Milovi\u0107's property in Grahovo raided: High-class vehicles seized, 14 drivers arrested"},"content":{"rendered":"<p><\/p>\n\n\n\n<p><\/p>\n\n\n\n<p>Slu\u017ebenici Odjeljenja bezbjednosti Nik\u0161i\u0107 i Regionalnog centra grani\u010dne policije \u201eCentar\u201c \u2013 Stanice grani\u010dne policije Nik\u0161i\u0107, preduzimaju\u0107i ciljane operativne mjere i radnje, izvr\u0161ili su pregled objekta stanovanja u vlasni\u0161tvu me\u0111unarodno tra\u017eenog lica Lj.M. (43) iz Nik\u0161i\u0107a, u mjestu Grahovo, kao i kontrolu jednog ugostiteljskog objekta u tom mjestu.<\/p>\n\n\n\n<p>Tako\u0111e, nakon sprovedenih slu\u017ebenih mjera i radnji u odnosu na V.J. (48), lica bliskog Lj.M., \u010dlanu organizovane kriminalne grupe, od kojeg je prethodno oduzeto teretno motorno vozilo marke \u201cEvo\u201d radi provjera, gdje je u koordinaciji sa nadle\u017enim tu\u017eila\u0161tvom izvr\u0161eno vje\u0161ta\u010denje vozila i utvr\u0111eno da posjeduje falsifikovani broj \u0161asije, te \u0107e protiv njega biti podnijeta krivi\u010dna prijava nadle\u017enom tu\u017eila\u0161tvu.<\/p>\n\n\n\n<p>Osim toga, slu\u017ebenici Odjeljenja bezbjednosti Nk\u0161i\u0107, u sklopu ovih aktivnosti, shodno pribavljenim naredbama Osnovnog suda u Nik\u0161i\u0107u, izvr\u0161ili su pretrese i na \u010detiri lokacije koje koriste operativno interesantna i njima bliska lica &#8211; A.R. (18), B.P. (28), M.R. (18) i Z.M. (63). Ovom prilikom je od B.P. oduzeto putni\u010dko motorno vozilo visoke klase marke \u201cBMW\u201d radi daljih provjera.<\/p>\n\n\n\n<p>U Nik\u0161i\u0107u su izvr\u0161ene \u201cRacije\u201d u \u0161est automat klubova &#8211; kazina, gdje je kontrolisano 47 lica. Zate\u010dena su tri strana dr\u017eavljanina koja nisu imala uredno prijavljen boravak na teritoriji Crne Gore i oni su predati inspektoru za strance na dalje postupanje, dok je u Pljevljima policija izvr\u0161ila operativne akcije \u201cRacija\u201d u \u010detiri ugostiteljska objekta, kojom prilikom je kontrolisano 35 lica.<\/p>\n\n\n\n<p>Donijeto je rje\u0161enje o dobrovoljnom povratku dr\u017eavljanina Republike Turske, sa mjerom zabrane ulaska i izdat prekr\u0161ajni nalog. Zatim, izdata su dva prek\u0161ajna naloga dr\u017eavljanima Azerbejd\u017eana zbog neposjedovanja li\u010dnih dokumenata, te su od ovih lica oduzete tri dozvole za privremeni boravak i rad.<\/p>\n\n\n\n<figure class=\"wp-block-image size-full\"><img fetchpriority=\"high\" decoding=\"async\" width=\"971\" height=\"942\" src=\"https:\/\/gradski.me\/wp-content\/uploads\/2026\/05\/Untitled-3.webp\" alt=\"\" class=\"wp-image-965325\" title=\"\" srcset=\"https:\/\/gradski.me\/wp-content\/uploads\/2026\/05\/Untitled-3.webp 971w, https:\/\/gradski.me\/wp-content\/uploads\/2026\/05\/Untitled-3-300x291.webp 300w, https:\/\/gradski.me\/wp-content\/uploads\/2026\/05\/Untitled-3-768x745.webp 768w, https:\/\/gradski.me\/wp-content\/uploads\/2026\/05\/Untitled-3-12x12.webp 12w\" sizes=\"(max-width: 971px) 100vw, 971px\" \/><figcaption class=\"wp-element-caption\">photo: UP<\/figcaption><\/figure>","protected":false},"excerpt":{"rendered":"<p>Policijski slu\u017ebenici Regionalnog centra bezbjednosti \u201eZapad\u201c su tokom prethodna dva dana na teritoriji svoje nadle\u017enosti realizovali poja\u010dane policijsko-tu\u017eila\u010dke aktivnosti, uklju\u010duju\u0107i ciljane kontrole, racije, preglede lica, ugostiteljskih objekata i vozila, kao i aktivnosti usmjerene na lociranje \u010dlanova organizovanih kriminalnih grupa koji se nalaze u bjekstvu, odnosno me\u0111unarodno tra\u017eenih lica, te kontrolu operativno interesantnih i sa njima povezanih lica, saop\u0161teno je iz Uprave policije.<\/p>","protected":false},"author":13,"featured_media":965323,"comment_status":"open","ping_status":"open","sticky":false,"template":"","format":"standard","meta":{"_acf_changed":false,"footnotes":"","jetpack_publicize_message":"","jetpack_publicize_feature_enabled":true,"jetpack_social_post_already_shared":true,"jetpack_social_options":{"image_generator_settings":{"template":"highway","default_image_id":0,"font":"","enabled":false},"version":2}},"categories":[10],"tags":[1801,109],"naslovna":[908],"class_list":["post-965321","post","type-post","status-publish","format-standard","has-post-thumbnail","hentry","category-hronika","tag-pretresi","tag-uprava-policije","naslovna-izdvajamo"],"acf":[],"jetpack_publicize_connections":[],"_links":{"self":[{"href":"https:\/\/gradski.me\/en\/wp-json\/wp\/v2\/posts\/965321","targetHints":{"allow":["GET"]}}],"collection":[{"href":"https:\/\/gradski.me\/en\/wp-json\/wp\/v2\/posts"}],"about":[{"href":"https:\/\/gradski.me\/en\/wp-json\/wp\/v2\/types\/post"}],"author":[{"embeddable":true,"href":"https:\/\/gradski.me\/en\/wp-json\/wp\/v2\/users\/13"}],"replies":[{"embeddable":true,"href":"https:\/\/gradski.me\/en\/wp-json\/wp\/v2\/comments?post=965321"}],"version-history":[{"count":2,"href":"https:\/\/gradski.me\/en\/wp-json\/wp\/v2\/posts\/965321\/revisions"}],"predecessor-version":[{"id":965349,"href":"https:\/\/gradski.me\/en\/wp-json\/wp\/v2\/posts\/965321\/revisions\/965349"}],"wp:featuredmedia":[{"embeddable":true,"href":"https:\/\/gradski.me\/en\/wp-json\/wp\/v2\/media\/965323"}],"wp:attachment":[{"href":"https:\/\/gradski.me\/en\/wp-json\/wp\/v2\/media?parent=965321"}],"wp:term":[{"taxonomy":"category","embeddable":true,"href":"https:\/\/gradski.me\/en\/wp-json\/wp\/v2\/categories?post=965321"},{"taxonomy":"post_tag","embeddable":true,"href":"https:\/\/gradski.me\/en\/wp-json\/wp\/v2\/tags?post=965321"},{"taxonomy":"naslovna","embeddable":true,"href":"https:\/\/gradski.me\/en\/wp-json\/wp\/v2\/naslovna?post=965321"}],"curies":[{"name":"wp","href":"https:\/\/api.w.org\/{rel}","templated":true}]}}