{"id":965315,"date":"2026-05-03T12:38:00","date_gmt":"2026-05-03T10:38:00","guid":{"rendered":"https:\/\/gradski.me\/?p=965315"},"modified":"2026-05-03T12:45:51","modified_gmt":"2026-05-03T10:45:51","slug":"ivanovic-ocekujemo-tri-medjuvladine-konferencije-sa-eu-do-kraja-avgusta","status":"publish","type":"post","link":"https:\/\/gradski.me\/en\/politika\/ivanovic-ocekujemo-tri-medjuvladine-konferencije-sa-eu-do-kraja-avgusta\/","title":{"rendered":"Ivanovic: We expect three intergovernmental conferences with the EU by the end of August"},"content":{"rendered":"<p><\/p>\n\n\n\n<p>Ivanovi\u0107 je u intervjuu agenciji MINA kazao da u maju i junu o\u010dekuju me\u0111uvladine konferencije izme\u0111u Crne Gore i EU, ali nije mogao da precizira koliko bi poglavlja trebalo da bude zatvoreno.<\/p>\n\n\n\n<p>\u201eTe\u0161ko je to procijeniti jer mi mo\u017eemo da ka\u017eemo da imamo spreman odre\u0111eni broj poglavlja, ali da mo\u017eda Evropska komisija (EK) ne\u0107e mo\u0107i da verifikuje sva ta poglavlja i to se u principu i ne zna do prakti\u010dki posljednjeg momenta\u201c, naveo je Ivanovi\u0107.<\/p>\n\n\n\n<p>On je kazao da se mo\u017ee o\u010dekivati jedna me\u0111uvladina konferencija i u julu.<\/p>\n\n\n\n<p>\u201ePostoje odre\u0111ene pretpostavke i planovi da se odr\u017ei jo\u0161 jedna me\u0111uvladina konferencija i u julu, sa po\u010detkom irskog predsjedavanja. Ne bih mogao naravno licitirati brojem poglavlja, svakako \u0107e to biti vi\u0161e od dva ili tri\u201c, rekao je Ivanovi\u0107.<\/p>\n\n\n\n<p>Komentari\u0161u\u0107i dinamiku zatvaranja poglavlja, Ivanovi\u0107 je rekao da je ova godina malo druga\u010dija u odnosu na prethodnu.<\/p>\n\n\n\n<p>\u201eJer smo prethodne godine imali manje me\u0111uvladinih konferencija, a zatvarali smo vi\u0161e poglavlja. Sad imamo vi\u0161e me\u0111uvladinih konferencija, pa na svakoj od tih me\u0111uvladinih konferencija zatvorimo jedno, dva, tri poglavlja. Vidje\u0107emo kako \u0107e biti i u maju i u junu\u201d, dodao je Ivanovi\u0107.<\/p>\n\n\n\n<p>On je kazao da \u0107e do odmora u avgustu najvjerovatnije biti odr\u017eane tri me\u0111uvladine konferencije.<\/p>\n\n\n\n<p>Ivanovi\u0107 je kazao da je bitno da Crna Gora uradi sve \u0161to je do nje i da onda u dogovoru sa EK stavlja na dnevni red poglavlja koja su spremna.<\/p>\n\n\n\n<p>On je kazao da je formiranje radne grupe za izradu ugovora o prijemu Crne Gore jo\u0161 ve\u0107i doga\u0111aj od pozitivnog Izvje\u0161taja o ispunjenosti privremenih mjerila.<\/p>\n\n\n\n<p>\u201cDakle, kad se sve sebere, taj moment po\u010detka izrade ugovora o pristupanju je najve\u0107i napredak i najzna\u010dajniji momenat u cjelokupnim pregovorima Crne Gore sa EU, ne zato \u0161to je to neki administrativni korak, ve\u0107 zato \u0161to to pokazuje, ja bih ga slobodno mogao tako interpretirati, da je ulazak Crne Gore u EU postao nepovratan proces\u201d, ocijenio je Ivanovi\u0107.<\/p>\n\n\n\n<p>On je kazao da je mo\u017eda i opravdana kritika dijela javnosti o tome \u0161to se neka zakonska rje\u0161enja brzo usvajaju u Skup\u0161tini ali \u201csituacija je takva kakva jeste\u201d.<\/p>\n\n\n\n<p>Ivanovi\u0107 je naveo da sve ono \u0161to treba da se uradi na putu ka EU, usvajanje zakona, brojna imenovanja, izmjene Ustava, zahtijeva da se odre\u0111ena rje\u0161enja usvajaju bez pretjerane rasprave.<\/p>\n\n\n\n<p>\u201cOdnosno da to ide \u0161to br\u017ee, kako bi omogu\u0107ili i EK i njenim ekspertima da sve to prekontroli\u0161u i verifikuju i da bi to moglo da ide na dnevni red na me\u0111uvladinoj konferenciji\u201d, dodao je Ivanovi\u0107.<\/p>\n\n\n\n<p>On je rekao da su se sli\u010dne stvari de\u0161avale i u drugim dr\u017eavama koje su sad \u010dlanice, a kada su bili kandidati.<\/p>\n\n\n\n<p>\u201cTako da ni\u0161ta to nije nepoznato, ni\u0161ta to nije novo i ni\u0161ta nije specifi\u010dno za Crnu Goru\u201d, dodao je Ivanovi\u0107.<\/p>\n\n\n\n<p>On smatra da je opozicija napustila skup\u0161tinska tijela zbog toga \u0161to su vidjeli da Crna Gora krupnim koracima napreduje ka \u010dlanstvu.<\/p>\n\n\n\n<p>\u201cVidjeli su da se ciljevi, koji zacrtaju Vlada i skup\u0161tinska ve\u0107ina, ispunjavaju. I do\u0161li smo u situaciju, na nekih godinu pred redovne parlamentarne izbore, da odre\u0111eni politi\u010dki subjekti \u017eele na \u0161to bolji na\u010din da se pozicioniraju na politi\u010dkoj sceni\u201d, rekao je Ivanovi\u0107.<\/p>\n\n\n\n<p>Odgovaraju\u0107i na pitanje da li je za Crnu Goru prihvatljivo da pristupi EU pod odre\u0111enim uslovima, Ivanovi\u0107 je rekao da ta pri\u010da traje godinama.<\/p>\n\n\n\n<p>\u201cTo se odnosi na na\u010din dono\u0161enja odluka, odnosno da li da se zadr\u017ei jednoglasni sistem kakav je sad ili da se uvede sistem tzv. kvalifikovane ve\u0107ine. Ta debata traje i ona je podijeljena izme\u0111u velikih i manjih dr\u017eava EU\u201d, rekao je Ivanovi\u0107.<\/p>\n\n\n\n<p>On je dodao da se manje dr\u017eave EU zala\u017eu za o\u010duvanje sistema jednoglasnosti, jer je to ne\u0161to \u0161to njima bez obzira na geografsku ili ekonomsku mo\u0107, daje ravnopravni status u okviru EU i dono\u0161enja odluka.<\/p>\n\n\n\n<p>\u201cKako \u0107e se ta debata razrije\u0161iti i da li \u0107e se razrije\u0161iti do ulaska Crne Gore ili nekih drugih potencijalnih novih dr\u017eava \u010dlanica, to je pitanje za EU i mi ne mo\u017eemo u tom smislu davati neke odgovore\u201d, kazao je Ivanovi\u0107.<\/p>\n\n\n\n<p>On je naveo da je, imaju\u0107i u vidu kako sada stvari stoje po pitanju, konkretno Crne Gore, nemogu\u0107e primiti u ovom trenutku novu dr\u017eavu \u010dlanicu i zabraniti joj pravo glasa ili joj oduzeti pravo veta, zato \u0161to pravna struktura i dokumenti koji reguli\u0161u funkcionisanje Unije, to ne poznaju.<\/p>\n\n\n\n<p>\u201cOno o \u010demu se govori i \u0161to \u0107emo vidjeti u narednim mjesecima kako ova radna grupa za izradu ugovora o pristupanju bude napredovala sa svojim radom, jesu odre\u0111eni za\u0161titni mehanizmi i tranzicijalni periodi koji \u0107e biti inkorporirani u ugovor o pristupanju\u201d, dodao je Ivanovi\u0107.<\/p>\n\n\n\n<p>Upitan o pregovorima Crne Gore i Hrvatske povodom otvorenih pitanja dvije dr\u017eave, Ivanovi\u0107 je rekao da je dogovor da razgovori u kontinuitetu budu odr\u017eavani i da javnost izvje\u0161tavaju o ishodu, a ne o toku.<\/p>\n\n\n\n<p>\u201cPrema tome, razgovori, kao \u0161to rekoh, idu dobro, odr\u017eavaju se, idu u dobroj vjeri. Kao \u0161to sam vi\u0161e puta pomenuo, vrlo se blizu rje\u0161enja za odre\u0111ena pitanja koja je kandidovala Hrvatska, a koja, opet, moram i to uvijek da naglasim, nijesu od ju\u010de i nijesu prije pet ili \u0161est godina nego su od prije 30 ili 35 godina\u201d, kazao je Ivanovi\u0107.<\/p>\n\n\n\n<p>On je rekao da je \u201cneko drugi otvarao ta pitanja, a na nama je da ih zatvorimo, i siguran sam da \u0107emo u tome uspjeti\u201d.<\/p>\n\n\n\n<p>Prema rije\u010dima Ivanovi\u0107a, postoji dobra volja sa strane Crne Gore.<\/p>\n\n\n\n<p>\u201cPostoji, ja bih rekao, dobra volja i sa strane Hrvatske. I mo\u017eda i to isto treba pomenuti \u2013 jeste da, poglavlje 31 nije zatvoreno zato \u0161to Hrvatska nije dala zeleno svjetlo, me\u0111utim, tu se ne radi o bilo kakvoj blokadi ili usporavanju cjelokupnog procesa evropske integracije, jer, kao \u0161to vidite, Hrvatska daje zeleno svjetlo za sva druga poglavlja koja mi u kontinuitetu zatvaramo od tog decembra 2024\u201d, kazao je Ivanovi\u0107.<\/p>\n\n\n\n<p>On je naveo da \u0107e izvijestiti javnost o ishodu kada se odre\u0111ene stvari usaglase i rije\u0161e.<\/p>\n\n\n\n<p>Ivanovi\u0107 je, na pitanje kako \u0107e izgledati 1. januar 2027. ako sva poglavlja ne budu zatvorena, rekao da \u0107e to biti dan kao i svaki drugi.<\/p>\n\n\n\n<p>\u201cJa ne mogu sa stanovi\u0161ta izvr\u0161ne vlasti vam re\u0107i, kao \u0161to bih, recimo, mogao da sam analiti\u010dar ili medijski poslenik ili, ne daj Bo\u017ee, dio opozicije, \u0161ta \u0107e biti ako se to ne desi, jer \u0161ta bi bilo, kad bi bilo i \u0161ta bi bilo ako ne\u0161to ne bude, nije na\u010din na koji odgovorna vlast i vlada treba da funkcioni\u0161u\u201d, kazao je Ivanovi\u0107.<\/p>\n\n\n\n<p>Ivanovi\u0107 je rekao da, \u0161to se ti\u010de Crne Gore, sve \u0107e biti spremno za zatvaranje svih poglavlja do kraja godine.<\/p>\n\n\n\n<p>Upitan da li o\u010dekuje sabota\u017eu Crne Gore u zavr\u0161nici pregovora, Ivanovi\u0107 je rekao da se to ne\u0107e svima svidjeti.<\/p>\n\n\n\n<p>\u201cSabota\u017ea je mo\u017eda malo te\u0161ka rije\u010d, ali o\u010dekujem da se to ne\u0107e svima svidjeti. Kao \u0161to se ni sad ne svi\u0111a svima, bilo u zemlji, bilo van zemlje\u201d, kazao je Ivanovi\u0107.<\/p>\n\n\n\n<p>On je rekao da Vlada pomno prati situaciju.<\/p>\n\n\n\n<p>\u201cI ne samo Vlada, tu treba va\u017enu ulogu da igraju tako\u0111e i mediji, ali moraju i gra\u0111ani da budu svjesni toga da nisu svi narativi, tzv. narativi koji se plasiraju u javnost ili putem dru\u0161tvenih mre\u017ea ili putem odre\u0111enih saop\u0161tenja, nijesu svi ta\u010dni\u201d, dodao je Ivanovi\u0107.<\/p>\n\n\n\n<p>On je rekao da je primjer za to informacija o otpu\u0161tanju 25 odsto ljudi iz dr\u017eavne uprave, navode\u0107i da je to demantovala i Delegacija EU i Vlada.<\/p>\n\n\n\n<p>Upitan da li misli da je dr\u017eavni aparat preglomazan, Ivanovi\u0107 je rekao da vi\u0161e smatra da treba da bude efikasniji.<\/p>\n\n\n\n<p>Ivanovi\u0107 je, odgovaraju\u0107i na pitanje o nastupu Pokreta Evropa sad na parlamentarnim izborima naredne godine, kazao da je rano govoriti o tome ali da je njihova ideja da idu samostalno.<\/p>\n\n\n\n<p>\u201cIma jo\u0161 vi\u0161e od godinu do izbora, razmi\u0161lja\u0107e se naravno o tome i o modalitetima nastupa, pa \u0107emo na kraju i razgovarati me\u0111u sobom i sa drugima i vidjeti koji to mo\u017ee biti optimalni model da ostvarimo najve\u0107i mogu\u0107i uspjeh i da nam niko ne mo\u017ee prigovoriti da smo smanjili svoju snagu i zna\u010daj\u201d, kazao je Ivanovi\u0107.<\/p>","protected":false},"excerpt":{"rendered":"<p>Ulazak Crne Gore u Evropsku uniju (EU) postao je nepovratan proces, ocijenio je potpredsjednik Vlade za vanjske i evropske poslove, Filip Ivanovi\u0107, navode\u0107i da o\u010dekuju da \u0107e do avgusta biti odr\u017eane tri me\u0111uvladine konferencije.<\/p>","protected":false},"author":13,"featured_media":897003,"comment_status":"open","ping_status":"open","sticky":false,"template":"","format":"standard","meta":{"_acf_changed":false,"footnotes":"","jetpack_publicize_message":"","jetpack_publicize_feature_enabled":true,"jetpack_social_post_already_shared":true,"jetpack_social_options":{"image_generator_settings":{"template":"highway","default_image_id":0,"font":"","enabled":false},"version":2}},"categories":[7],"tags":[188,282,2217],"naslovna":[909],"class_list":["post-965315","post","type-post","status-publish","format-standard","has-post-thumbnail","hentry","category-politika","tag-crna-gora","tag-eu","tag-filip-ivanovic-2","naslovna-naslovna-velika"],"acf":[],"jetpack_publicize_connections":[],"_links":{"self":[{"href":"https:\/\/gradski.me\/en\/wp-json\/wp\/v2\/posts\/965315","targetHints":{"allow":["GET"]}}],"collection":[{"href":"https:\/\/gradski.me\/en\/wp-json\/wp\/v2\/posts"}],"about":[{"href":"https:\/\/gradski.me\/en\/wp-json\/wp\/v2\/types\/post"}],"author":[{"embeddable":true,"href":"https:\/\/gradski.me\/en\/wp-json\/wp\/v2\/users\/13"}],"replies":[{"embeddable":true,"href":"https:\/\/gradski.me\/en\/wp-json\/wp\/v2\/comments?post=965315"}],"version-history":[{"count":1,"href":"https:\/\/gradski.me\/en\/wp-json\/wp\/v2\/posts\/965315\/revisions"}],"predecessor-version":[{"id":965316,"href":"https:\/\/gradski.me\/en\/wp-json\/wp\/v2\/posts\/965315\/revisions\/965316"}],"wp:featuredmedia":[{"embeddable":true,"href":"https:\/\/gradski.me\/en\/wp-json\/wp\/v2\/media\/897003"}],"wp:attachment":[{"href":"https:\/\/gradski.me\/en\/wp-json\/wp\/v2\/media?parent=965315"}],"wp:term":[{"taxonomy":"category","embeddable":true,"href":"https:\/\/gradski.me\/en\/wp-json\/wp\/v2\/categories?post=965315"},{"taxonomy":"post_tag","embeddable":true,"href":"https:\/\/gradski.me\/en\/wp-json\/wp\/v2\/tags?post=965315"},{"taxonomy":"naslovna","embeddable":true,"href":"https:\/\/gradski.me\/en\/wp-json\/wp\/v2\/naslovna?post=965315"}],"curies":[{"name":"wp","href":"https:\/\/api.w.org\/{rel}","templated":true}]}}