{"id":965312,"date":"2026-05-03T12:24:00","date_gmt":"2026-05-03T10:24:00","guid":{"rendered":"https:\/\/gradski.me\/?p=965312"},"modified":"2026-05-03T12:15:38","modified_gmt":"2026-05-03T10:15:38","slug":"mup-nivo-prijetnje-od-terorizma-nizak-nadlezni-budno-prate-situaciju","status":"publish","type":"post","link":"https:\/\/gradski.me\/en\/hronika\/mup-nivo-prijetnje-od-terorizma-nizak-nadlezni-budno-prate-situaciju\/","title":{"rendered":"Ministry of Interior: Terrorist threat level low, authorities are closely monitoring the situation"},"content":{"rendered":"<p><\/p>\n\n\n\n<p>Sastankom je predsjedavao nacionalni koordinator <strong>Petar Koprivica<\/strong>, koji je, kako navode iz MUP-a. istakao da Crna Gora ostaje sna\u017eno posve\u0107ena ja\u010danju koordinisanog, institucionalnog i proaktivnog odgovora na savremene bezbjednosne prijetnje, uz kontinuirano uskla\u0111ivanje sa me\u0111unarodnim standardima i praksama.<\/p>\n\n\n\n<p>Sastanku je prisustvovao i regionalni koordinator za bezbjednost za Zapadni Balkan <strong>Edi Grajf<\/strong>, koji je tokom radne posjete Crnoj Gori odr\u017eao niz sastanaka sa predstavnicima institucija na temu borbe protiv terorizma i nasilnog ekstremizma.<\/p>\n\n\n\n<p>\u201cNjegovo prisustvo dodatno potvr\u0111uje zna\u010daj regionalne i me\u0111unarodne saradnje u suo\u010davanju sa savremenim bezbjednosnim izazovima\u201d, kazali su iz MUP-a.<\/p>\n\n\n\n<p>U okviru strate\u0161kog okvira, razgovarano je, kako navode, o daljim koracima u unapre\u0111enju politika i mjera u oblasti prevencije radikalizacije i borbe protiv terorizma, uklju\u010duju\u0107i zavr\u0161ne aktivnosti na klju\u010dnim strate\u0161kim dokumentima.<\/p>\n\n\n\n<p>\u201cPosebno je nagla\u0161ena va\u017enost me\u0111uresorne saradnje i pravovremenog odgovora na kompleksne bezbjednosne izazove\u201d, isti\u010du iz MUP-a.<\/p>\n\n\n\n<p>U dijelu koji se odnosi na aktuelnu bezbjednosnu situaciju, predstavljene su informacije o kontinuiranom pra\u0107enju globalnih de\u0161avanja, uklju\u010duju\u0107i sukobe na Bliskom istoku, i njihovih mogu\u0107ih implikacija na bezbjednost Crne Gore.<\/p>\n\n\n\n<p>\u201cIako je nivo prijetnje od terorizma u Crnoj Gori nizak, nadle\u017ene slu\u017ebe nastavljaju sa budnim pra\u0107enjem situacije i preventivnim djelovanjem. Aktivnosti su usmjerene na za\u0161titu potencijalno osjetljivih objekata, unapre\u0111enje razmjene informacija sa me\u0111unarodnim partnerima, kao i ja\u010danje kapaciteta u oblasti migracija i grani\u010dne bezbjednosti, u cilju o\u010duvanja stabilnog bezbjednosnog ambijenta\u201d, kazali su iz MUP-a.<\/p>\n\n\n\n<p>Poseban fokus, dodaju, stavljen je na ja\u010danje saradnje sa lokalnim zajednicama, kao klju\u010dnog segmenta prevencije.<\/p>\n\n\n\n<p>\u201cIstaknuto je da \u0107e u narednom periodu prioritet biti unapre\u0111enje koordinacije izme\u0111u nacionalnog i lokalnog nivoa, kroz sistemsko povezivanje institucija i lokalnih aktera, kako bi se obezbijedilo pravovremeno prepoznavanje rizika i efikasno sprovo\u0111enje preventivnih aktivnosti na terenu\u201d, zaklju\u010duju iz MUP-a.<\/p>","protected":false},"excerpt":{"rendered":"<p>Iz Ministarstva unutra\u0161njih poslova (MUP) Crne Gore saop\u0161teno je da je odr\u017ean redovni sastanak Nacionalnog me\u0111uresornog operativnog tima za prevenciju i suzbijanje nasilnog ekstremizma, terorizma, pranja novca i finansiranja terorizma, na kojem su razmatrana teku\u0107a pitanja i prioriteti u radu Tima.<\/p>","protected":false},"author":13,"featured_media":965313,"comment_status":"open","ping_status":"open","sticky":false,"template":"","format":"standard","meta":{"_acf_changed":false,"footnotes":"","jetpack_publicize_message":"","jetpack_publicize_feature_enabled":true,"jetpack_social_post_already_shared":true,"jetpack_social_options":{"image_generator_settings":{"template":"highway","default_image_id":0,"font":"","enabled":false},"version":2}},"categories":[10],"tags":[1263,844],"naslovna":[910],"class_list":["post-965312","post","type-post","status-publish","format-standard","has-post-thumbnail","hentry","category-hronika","tag-bezbjednost","tag-mup","naslovna-preporuceno"],"acf":[],"jetpack_publicize_connections":[],"_links":{"self":[{"href":"https:\/\/gradski.me\/en\/wp-json\/wp\/v2\/posts\/965312","targetHints":{"allow":["GET"]}}],"collection":[{"href":"https:\/\/gradski.me\/en\/wp-json\/wp\/v2\/posts"}],"about":[{"href":"https:\/\/gradski.me\/en\/wp-json\/wp\/v2\/types\/post"}],"author":[{"embeddable":true,"href":"https:\/\/gradski.me\/en\/wp-json\/wp\/v2\/users\/13"}],"replies":[{"embeddable":true,"href":"https:\/\/gradski.me\/en\/wp-json\/wp\/v2\/comments?post=965312"}],"version-history":[{"count":1,"href":"https:\/\/gradski.me\/en\/wp-json\/wp\/v2\/posts\/965312\/revisions"}],"predecessor-version":[{"id":965314,"href":"https:\/\/gradski.me\/en\/wp-json\/wp\/v2\/posts\/965312\/revisions\/965314"}],"wp:featuredmedia":[{"embeddable":true,"href":"https:\/\/gradski.me\/en\/wp-json\/wp\/v2\/media\/965313"}],"wp:attachment":[{"href":"https:\/\/gradski.me\/en\/wp-json\/wp\/v2\/media?parent=965312"}],"wp:term":[{"taxonomy":"category","embeddable":true,"href":"https:\/\/gradski.me\/en\/wp-json\/wp\/v2\/categories?post=965312"},{"taxonomy":"post_tag","embeddable":true,"href":"https:\/\/gradski.me\/en\/wp-json\/wp\/v2\/tags?post=965312"},{"taxonomy":"naslovna","embeddable":true,"href":"https:\/\/gradski.me\/en\/wp-json\/wp\/v2\/naslovna?post=965312"}],"curies":[{"name":"wp","href":"https:\/\/api.w.org\/{rel}","templated":true}]}}