{"id":965310,"date":"2026-05-03T12:10:00","date_gmt":"2026-05-03T10:10:00","guid":{"rendered":"https:\/\/gradski.me\/?p=965310"},"modified":"2026-05-03T11:40:52","modified_gmt":"2026-05-03T09:40:52","slug":"finalna-verzija-predloga-dps-a-o-otvorenim-listama-uskoro-u-javnosti","status":"publish","type":"post","link":"https:\/\/gradski.me\/en\/politika\/finalna-verzija-predloga-dps-a-o-otvorenim-listama-uskoro-u-javnosti\/","title":{"rendered":"\"Final version of DPS's proposal on open lists to be made public soon\""},"content":{"rendered":"<p>\u201ePredlo\u017eili smo jedan nepretenciozan model poluotvorenih lista koji kao takav smatramo da \u0107e odgovarati svim politi\u010dkim subjektima u crnogorskom Parlamentu jer je ovdje ideja da napravimo prvi korak ka potpunom otvaranju izbornih listi i ka otvaranju demokratije u Crnoj Gori. To podrazumijeva da gra\u0111ani sami biraju predstavnike za koje misle da su njihovi najbolji reprezenti u crnogorskoj Skup\u0161tini.<\/p>\n\n\n\n<p>Zadovoljni smo odzivom nevladinog sektora i sugestija koje su nam poslali. Ta rje\u0161enja \u0107emo srediti tehni\u010dki i staviti u proceduru u formi amandmana koje \u0107emo predati odmah nakon praznika. Siguran sam da \u0107emo predati jedan dobar i reformski predlog Zakona o izboru odbornika. Sa kolegama iz GP URA i sa poslanicima u Parlamentu sigurni smo da \u0107emo na\u0107i ta\u010dke spajanja i predlo\u017eiti jedan model\u201c, poru\u010dio je Rako\u010devi\u0107.<\/p>\n\n\n\n<p>Ana Novakovi\u0107 \u0110urovi\u0107 iz GP URA, kazala je da njihov prijedlog o uvo\u0111enju otvorenih lista zna\u010di ozbiljnu sistemsku promjenu koja su\u0161tinski pomjera mo\u0107 sa politi\u010dkih partija na gra\u0111ane. \u201e\u0160efovi poslanicima ne\u0107e biti samo \u0161efovi partija nego i gra\u0111ani. To je transformativno jako va\u017eno. Ne\u0107e se vi\u0161e doga\u0111ati da poslanici glasaju za prodaju na\u0161e obale bez javnih tendera ili da ne glasaju za dje\u010diji dodatak jer \u0107e biti svjesni da ih gra\u0111ani mogu kazniti.<\/p>\n\n\n\n<p>Ovo je uvo\u0111enje preferencijalnog glasanja za jednu listu i do deset kandidata za poslanike na parlamentarnim izborima i do sedam kandidata za odbornike na lokalnim izborima. Predvidjeli smo izborni prag 0,10 odsto afirmativne akcije za romsku manjinu i obaveznu kvotu od 40 odsto \u017eena.<\/p>\n\n\n\n<p>Su\u0161tinski je va\u017eno takmi\u010denje u idejama i \u0161ta je bolje. \u017dao mi je \u0161to oba predloga dolaze 2026. godine, mislim da je DPS imao decenijama ranije priliku za to. Ali pozdravljam ideju da sada otvorimo izborni sistem\u201c, kazala je \u0110urovi\u0107.<br><br><strong>Darko Dragovi\u0107: \u201ePodr\u017eavamo zdu\u0161no ideju Otvorenih lista<\/strong><\/p>\n\n\n\n<p>Darko Dragovi\u0107 iz Pokreta Evropa Sad kazao je da njihov Pokret zdu\u0161no podr\u017eava ideju otvorenih lista ma iz kojeg politi\u010dkog subjekta one dolazile i da je izborna reforma i dalje na visokom mjestu u programu njihove partije.<\/p>\n\n\n\n<p>\u201eDa smo zaista vjerovali u cijelu ovu pri\u010du i \u017eeljeli izbornu reformu govori i to da smo aktivno u\u010destvovali u radu Odbora za izbornu reformu. Mi smo aktivno i iskreno u\u010destvovali u radu Odbora za sveobuhvatnu izbornu reformu i o\u010dekivali smo da taj odbor da rezultat u vidu cjelokupne izborne reforme a ne parcijalne rezultate i pojedina\u010dne predloge. Iako nema Odbora za sveobuhvatnu izbornu reformu mo\u017eemo na druge na\u010dine da do\u0111emo do konsenzusa o sveobuvatnoj izbornoj reformi i otvorenim listama\u201c, istakao je Dragovi\u0107.<\/p>\n\n\n\n<p>Bo\u017eidar Vuji\u010di\u0107 iz NVO Gra\u0111anska akcija iz Budve kazao je da ako se otvore izborne liste ne mora da se mijenja Ustav.<\/p>\n\n\n\n<p>\u201eTo je predvi\u0111eno Ustavom Crne Gore. Da li se ovim predlozima ure\u0111uje bira\u010dko pravo ili izborni sistem? Ako se ure\u0111uje pravo, ono se mo\u017ee izmijeniti ve\u0107inom svih poslanika. Nosilac suvereniteta je gra\u0111anin ne podnosilac liste. Mi kad glasamo listu dajemo svj glas svima na listi. To je nejednako postupanje\u201c, poru\u010dio je Vuji\u010di\u0107.<\/p>\n\n\n\n<p>Nikola Rako\u010devi\u0107, nekada\u0161nji koredsjedavaju\u0107i Odbora za izbornu reformu poru\u010dio je da je napustio taj odbor jer je on bio simulacija demokratije. \u201eUpozorili smo premijera da \u0107e nastupiti politi\u010dka kriza u Skup\u0161tini ukoliko se usvoje nedemokatski zakoni o MUP-u i ANB-u.\u201c<\/p>\n\n\n\n<p>Odgovaraju\u0107i na pitanje o tome kakav \u0107e biti glasa\u010dki listi\u0107 u otvorenom izbornom sistemu i da li to zahtijeva edukaciju bira\u010da on je pojasnio da nema nikakve konfuzije oko na\u010dina glasanja.<\/p>\n\n\n\n<p>\u201eNa\u0161 model je model poluotvorenih lista sa prefencijalnim glasanjem. Predvi\u0111eno je da bira\u010d glasa za konkretnu partiju i do deset kandidata na parlamentarnim izborima. Pred sobom \u0107e imati deset lista koje su objavile kandidaturu kao i do sada. Ovi detalji \u0107e biti razra\u0111eni u skladu sa najboljom praksom,\u201c poru\u010dio je Rako\u010devi\u0107.<\/p>","protected":false},"excerpt":{"rendered":"<p>Inicijative za uvo\u0111enje otvorenih lista stigle su u Skup\u0161tinu ali da li \u0107e biti i na izborima 2027. godine? O tome su raspravljali sagovornici emisije Okrugli sto-Parlament u studiju na Parlamentarnom programu TVCG3.<\/p>","protected":false},"author":13,"featured_media":958252,"comment_status":"open","ping_status":"open","sticky":false,"template":"","format":"standard","meta":{"_acf_changed":false,"footnotes":"","jetpack_publicize_message":"","jetpack_publicize_feature_enabled":true,"jetpack_social_post_already_shared":true,"jetpack_social_options":{"image_generator_settings":{"template":"highway","default_image_id":0,"font":"","enabled":false},"version":2}},"categories":[7],"tags":[88,6038],"naslovna":[],"class_list":["post-965310","post","type-post","status-publish","format-standard","has-post-thumbnail","hentry","category-politika","tag-dps","tag-otvorene-liste"],"acf":[],"jetpack_publicize_connections":[],"_links":{"self":[{"href":"https:\/\/gradski.me\/en\/wp-json\/wp\/v2\/posts\/965310","targetHints":{"allow":["GET"]}}],"collection":[{"href":"https:\/\/gradski.me\/en\/wp-json\/wp\/v2\/posts"}],"about":[{"href":"https:\/\/gradski.me\/en\/wp-json\/wp\/v2\/types\/post"}],"author":[{"embeddable":true,"href":"https:\/\/gradski.me\/en\/wp-json\/wp\/v2\/users\/13"}],"replies":[{"embeddable":true,"href":"https:\/\/gradski.me\/en\/wp-json\/wp\/v2\/comments?post=965310"}],"version-history":[{"count":1,"href":"https:\/\/gradski.me\/en\/wp-json\/wp\/v2\/posts\/965310\/revisions"}],"predecessor-version":[{"id":965311,"href":"https:\/\/gradski.me\/en\/wp-json\/wp\/v2\/posts\/965310\/revisions\/965311"}],"wp:featuredmedia":[{"embeddable":true,"href":"https:\/\/gradski.me\/en\/wp-json\/wp\/v2\/media\/958252"}],"wp:attachment":[{"href":"https:\/\/gradski.me\/en\/wp-json\/wp\/v2\/media?parent=965310"}],"wp:term":[{"taxonomy":"category","embeddable":true,"href":"https:\/\/gradski.me\/en\/wp-json\/wp\/v2\/categories?post=965310"},{"taxonomy":"post_tag","embeddable":true,"href":"https:\/\/gradski.me\/en\/wp-json\/wp\/v2\/tags?post=965310"},{"taxonomy":"naslovna","embeddable":true,"href":"https:\/\/gradski.me\/en\/wp-json\/wp\/v2\/naslovna?post=965310"}],"curies":[{"name":"wp","href":"https:\/\/api.w.org\/{rel}","templated":true}]}}