{"id":965306,"date":"2026-05-03T13:06:00","date_gmt":"2026-05-03T11:06:00","guid":{"rendered":"https:\/\/gradski.me\/?p=965306"},"modified":"2026-05-03T13:06:07","modified_gmt":"2026-05-03T11:06:07","slug":"oebs-bez-slobode-medija-nema-bezbjednosti","status":"publish","type":"post","link":"https:\/\/gradski.me\/en\/drustvo\/oebs-bez-slobode-medija-nema-bezbjednosti\/","title":{"rendered":"OSCE: There is no security without media freedom"},"content":{"rendered":"<p><\/p>\n\n\n\n<p>\u201eNovinari nisu samo svjedoci, ve\u0107 i garanti vjerodostojnosti \u2013 rije\u010di, slika, podataka i izjava. Oni poma\u017eu dru\u0161tvima da se orjenti\u0161u, da razlikuju istinito od vjerovatnog i da formiraju informisana mi\u0161ljenja. Sloboda medija je temelj demokratije i sa sobom nosi odgovornost: pouzdane informacije su osnova povjerenja, a povjerenje je osnova demokratije\u201c, kazao je predsjedavaju\u0107i OEBS-a Cassis.<\/p>\n\n\n\n<p>Svjetski dan slobode medija doti\u010de, kako navode iz OEBS-a, samu osnovu sveobuhvatnog pristupa bezbjednosti i princip predstavnika za slobodu medija da bez slobode medija nema bezbjednosti.<\/p>\n\n\n\n<p>\u201eRaznovrsni, nezavisni i eti\u010dni mediji nijesu samo temelj demokratije, ve\u0107 i izvor otpornosti, povjerenja i mira. Za\u0161titom slobode medija \u010duvamo na\u0161u zajedni\u010dku budu\u0107nost, koja zavisi od odgovornosti i dijaloga me\u0111u na\u0161im gra\u0111anima i dru\u0161tvima\u201c, kazao je predstavnik OEBS-a za slobodu medija, ambasador Jan Braathu.<\/p>\n\n\n\n<p>Medijski profesionalci, navodi se u saop\u0161tenju, i dalje imaju klju\u010dnu ulogu u informisanju o pitanjima od javnog interesa.<\/p>\n\n\n\n<p>OEBS, kao najve\u0107a regionalna organizacija za bezbjednost u svijetu, smatra ljudska prava i slobodu medija svojim klju\u010dnim stubovima.<\/p>","protected":false},"excerpt":{"rendered":"<p>Povodom Svjetskog dana slobode medija, koji se ove godine obilje\u017eava pod temom \u201eOblikovanje budu\u0107nosti u miru: unapre\u0111enje slobode medija za ljudska prava, razvoj i bezbjednost\u201c, predsjedavaju\u0107i OEBS-a, \u0161ef Federalnog departmana za spoljne poslove \u0160vajcarske,Ignazio Cassis, i predstavnik OEBS-a za slobodu medija (RFoM)Jan Braathu, ponovili su zna\u010daj slobode medija i profesionalnog novinarstva u unapre\u0111enju mira i bezbjednosti me\u0111u dr\u017eavama u\u010desnicama, saop\u0161teno je iz Misije OEBS-a u Crnoj Gori.<\/p>","protected":false},"author":13,"featured_media":943321,"comment_status":"open","ping_status":"open","sticky":false,"template":"","format":"standard","meta":{"_acf_changed":false,"footnotes":"","jetpack_publicize_message":"","jetpack_publicize_feature_enabled":true,"jetpack_social_post_already_shared":false,"jetpack_social_options":{"image_generator_settings":{"template":"highway","default_image_id":0,"font":"","enabled":false},"version":2}},"categories":[9],"tags":[6884,4516],"naslovna":[],"class_list":["post-965306","post","type-post","status-publish","format-standard","has-post-thumbnail","hentry","category-drustvo","tag-mediji","tag-oebs"],"acf":[],"jetpack_publicize_connections":[],"_links":{"self":[{"href":"https:\/\/gradski.me\/en\/wp-json\/wp\/v2\/posts\/965306","targetHints":{"allow":["GET"]}}],"collection":[{"href":"https:\/\/gradski.me\/en\/wp-json\/wp\/v2\/posts"}],"about":[{"href":"https:\/\/gradski.me\/en\/wp-json\/wp\/v2\/types\/post"}],"author":[{"embeddable":true,"href":"https:\/\/gradski.me\/en\/wp-json\/wp\/v2\/users\/13"}],"replies":[{"embeddable":true,"href":"https:\/\/gradski.me\/en\/wp-json\/wp\/v2\/comments?post=965306"}],"version-history":[{"count":1,"href":"https:\/\/gradski.me\/en\/wp-json\/wp\/v2\/posts\/965306\/revisions"}],"predecessor-version":[{"id":965307,"href":"https:\/\/gradski.me\/en\/wp-json\/wp\/v2\/posts\/965306\/revisions\/965307"}],"wp:featuredmedia":[{"embeddable":true,"href":"https:\/\/gradski.me\/en\/wp-json\/wp\/v2\/media\/943321"}],"wp:attachment":[{"href":"https:\/\/gradski.me\/en\/wp-json\/wp\/v2\/media?parent=965306"}],"wp:term":[{"taxonomy":"category","embeddable":true,"href":"https:\/\/gradski.me\/en\/wp-json\/wp\/v2\/categories?post=965306"},{"taxonomy":"post_tag","embeddable":true,"href":"https:\/\/gradski.me\/en\/wp-json\/wp\/v2\/tags?post=965306"},{"taxonomy":"naslovna","embeddable":true,"href":"https:\/\/gradski.me\/en\/wp-json\/wp\/v2\/naslovna?post=965306"}],"curies":[{"name":"wp","href":"https:\/\/api.w.org\/{rel}","templated":true}]}}