{"id":965304,"date":"2026-05-03T11:42:00","date_gmt":"2026-05-03T09:42:00","guid":{"rendered":"https:\/\/gradski.me\/?p=965304"},"modified":"2026-05-03T11:30:42","modified_gmt":"2026-05-03T09:30:42","slug":"rasvijetljena-teska-kradja-u-beranama-krivcna-protiv-dva-maloljetnika","status":"publish","type":"post","link":"https:\/\/gradski.me\/en\/hronika\/rasvijetljena-teska-kradja-u-beranama-krivcna-protiv-dva-maloljetnika\/","title":{"rendered":"Rasvijetljena te\u0161ka kra\u0111a u Beranama, kriv\u010dna protiv dva maloljetnika"},"content":{"rendered":"<p><\/p>\n\n\n\n<p>Naime, kako je saop\u0161teno, za krivi\u010dno djelo te\u0161ka kra\u0111a odgovara\u0107e maloljetnici stari 16 i 17 godina.<\/p>\n\n\n\n<p>&#8222;Oni su, kako se sumnja, upotrebom podesnog sredstva u\u0161li u maloprodajni objekat i iz istog otu\u0111ili ba\u0161tenski set vrijednosti 1.730 eura&#8220;, kazali su iz policije.<\/p>\n\n\n\n<p> Otu\u0111eni predmeti su prona\u0111eni i vra\u0107eni pomenutoj firmi.<\/p>\n\n\n\n<p>&#8222;Neselektivno, pravovremeno preduzimanje mjera i radnji u cilju rasvjetljavanja svih oblika kriminaliteta, radi podizanja nivoa bezbjednosti gra\u0111ana i njihove imovine \u0107e i dalje biti u fokusu slu\u017ebenika Uprave policije&#8220;, zaklju\u010dili su iz UP.<\/p>\n\n\n\n<p><\/p>","protected":false},"excerpt":{"rendered":"<p>Policijski slu\u017ebenici Regionalnog centra bezbjednosti \u201cSjever\u201d su, postupaju\u0107i po prijavi da je iz jednog maloprodajnog objekta u Beranama otu\u0111en materijal u vrijednosti od skoro 2.000 eura, u izuzetno kratkom roku, operativnim radom i kriminalisti\u010dkom obradom, rasvijetlili krivi\u010dno djelo i podnijeli krivi\u010dnu prijavu protiv dvije maloljetne osobe, saop\u0161teno je iz Uprave policije.<\/p>","protected":false},"author":13,"featured_media":959704,"comment_status":"open","ping_status":"open","sticky":false,"template":"","format":"standard","meta":{"_acf_changed":false,"footnotes":"","jetpack_publicize_message":"","jetpack_publicize_feature_enabled":true,"jetpack_social_post_already_shared":true,"jetpack_social_options":{"image_generator_settings":{"template":"highway","default_image_id":0,"font":"","enabled":false},"version":2}},"categories":[10],"tags":[53,109],"naslovna":[908],"class_list":["post-965304","post","type-post","status-publish","format-standard","has-post-thumbnail","hentry","category-hronika","tag-berane","tag-uprava-policije","naslovna-izdvajamo"],"acf":[],"jetpack_publicize_connections":[],"_links":{"self":[{"href":"https:\/\/gradski.me\/en\/wp-json\/wp\/v2\/posts\/965304","targetHints":{"allow":["GET"]}}],"collection":[{"href":"https:\/\/gradski.me\/en\/wp-json\/wp\/v2\/posts"}],"about":[{"href":"https:\/\/gradski.me\/en\/wp-json\/wp\/v2\/types\/post"}],"author":[{"embeddable":true,"href":"https:\/\/gradski.me\/en\/wp-json\/wp\/v2\/users\/13"}],"replies":[{"embeddable":true,"href":"https:\/\/gradski.me\/en\/wp-json\/wp\/v2\/comments?post=965304"}],"version-history":[{"count":1,"href":"https:\/\/gradski.me\/en\/wp-json\/wp\/v2\/posts\/965304\/revisions"}],"predecessor-version":[{"id":965305,"href":"https:\/\/gradski.me\/en\/wp-json\/wp\/v2\/posts\/965304\/revisions\/965305"}],"wp:featuredmedia":[{"embeddable":true,"href":"https:\/\/gradski.me\/en\/wp-json\/wp\/v2\/media\/959704"}],"wp:attachment":[{"href":"https:\/\/gradski.me\/en\/wp-json\/wp\/v2\/media?parent=965304"}],"wp:term":[{"taxonomy":"category","embeddable":true,"href":"https:\/\/gradski.me\/en\/wp-json\/wp\/v2\/categories?post=965304"},{"taxonomy":"post_tag","embeddable":true,"href":"https:\/\/gradski.me\/en\/wp-json\/wp\/v2\/tags?post=965304"},{"taxonomy":"naslovna","embeddable":true,"href":"https:\/\/gradski.me\/en\/wp-json\/wp\/v2\/naslovna?post=965304"}],"curies":[{"name":"wp","href":"https:\/\/api.w.org\/{rel}","templated":true}]}}