{"id":965302,"date":"2026-05-03T11:56:00","date_gmt":"2026-05-03T09:56:00","guid":{"rendered":"https:\/\/gradski.me\/?p=965302"},"modified":"2026-05-03T11:26:41","modified_gmt":"2026-05-03T09:26:41","slug":"otkazana-mala-povorka-budvanskog-karnevala-zbog-jucerasnje-tragedije","status":"publish","type":"post","link":"https:\/\/gradski.me\/en\/drustvo\/otkazana-mala-povorka-budvanskog-karnevala-zbog-jucerasnje-tragedije\/","title":{"rendered":"Budva Carnival small procession canceled due to yesterday's tragedy"},"content":{"rendered":"<p><\/p>\n\n\n\n<p>\u201cRazlog je tragi\u010dan doga\u0111aj koji je pogodio cijelu zajednicu \u2013 ju\u010de je, nesre\u0107nim slu\u010dajem, \u017eivot izgubila mala sugra\u0111anka, polaznica budvanskog vrti\u0107a koji bi u\u010destvovao u dana\u0161njoj maloj \u2013 dje\u010djoj povorci\u201d, pi\u0161e u saop\u0161tenju.<\/p>\n\n\n\n<p>Budva izra\u017eava duboko sau\u010de\u0161\u0107e porodici i vaspita\u010dima.<\/p>\n\n\n\n<p>O novom terminu odr\u017eavanja povorke, navode organizatori, javnost \u0107e biti blagovremeno obavije\u0161tena.<\/p>","protected":false},"excerpt":{"rendered":"<p>Organizatori Budvanskog karnevala saop\u0161tili su da se mala povorka, planirana za danas u 16 \u010dasova, ne\u0107e odr\u017eati, zbog ju\u010dera\u0161njeg tragi\u010dnog doga\u0111aja u kojem je stradala polaznica budvanskog vrti\u0107a.<\/p>","protected":false},"author":13,"featured_media":941072,"comment_status":"open","ping_status":"open","sticky":false,"template":"","format":"standard","meta":{"_acf_changed":false,"footnotes":"","jetpack_publicize_message":"","jetpack_publicize_feature_enabled":true,"jetpack_social_post_already_shared":true,"jetpack_social_options":{"image_generator_settings":{"template":"highway","default_image_id":0,"font":"","enabled":false},"version":2}},"categories":[9],"tags":[925,923],"naslovna":[],"class_list":["post-965302","post","type-post","status-publish","format-standard","has-post-thumbnail","hentry","category-drustvo","tag-budva","tag-karneval"],"acf":[],"jetpack_publicize_connections":[],"_links":{"self":[{"href":"https:\/\/gradski.me\/en\/wp-json\/wp\/v2\/posts\/965302","targetHints":{"allow":["GET"]}}],"collection":[{"href":"https:\/\/gradski.me\/en\/wp-json\/wp\/v2\/posts"}],"about":[{"href":"https:\/\/gradski.me\/en\/wp-json\/wp\/v2\/types\/post"}],"author":[{"embeddable":true,"href":"https:\/\/gradski.me\/en\/wp-json\/wp\/v2\/users\/13"}],"replies":[{"embeddable":true,"href":"https:\/\/gradski.me\/en\/wp-json\/wp\/v2\/comments?post=965302"}],"version-history":[{"count":1,"href":"https:\/\/gradski.me\/en\/wp-json\/wp\/v2\/posts\/965302\/revisions"}],"predecessor-version":[{"id":965303,"href":"https:\/\/gradski.me\/en\/wp-json\/wp\/v2\/posts\/965302\/revisions\/965303"}],"wp:featuredmedia":[{"embeddable":true,"href":"https:\/\/gradski.me\/en\/wp-json\/wp\/v2\/media\/941072"}],"wp:attachment":[{"href":"https:\/\/gradski.me\/en\/wp-json\/wp\/v2\/media?parent=965302"}],"wp:term":[{"taxonomy":"category","embeddable":true,"href":"https:\/\/gradski.me\/en\/wp-json\/wp\/v2\/categories?post=965302"},{"taxonomy":"post_tag","embeddable":true,"href":"https:\/\/gradski.me\/en\/wp-json\/wp\/v2\/tags?post=965302"},{"taxonomy":"naslovna","embeddable":true,"href":"https:\/\/gradski.me\/en\/wp-json\/wp\/v2\/naslovna?post=965302"}],"curies":[{"name":"wp","href":"https:\/\/api.w.org\/{rel}","templated":true}]}}