{"id":965284,"date":"2026-05-03T11:00:00","date_gmt":"2026-05-03T09:00:00","guid":{"rendered":"https:\/\/gradski.me\/?p=965284"},"modified":"2026-05-03T11:34:58","modified_gmt":"2026-05-03T09:34:58","slug":"cestitke-povodom-medjunarodnog-dana-slobode-medija","status":"publish","type":"post","link":"https:\/\/gradski.me\/en\/drustvo\/cestitke-povodom-medjunarodnog-dana-slobode-medija\/","title":{"rendered":"\u010cestitke povodom Me\u0111unarodnog dana slobode medija"},"content":{"rendered":"<p><strong>BS: Uloga medija od presudnog zna\u010daja za o\u010duvanje demokratskih vrijednosti<\/strong><\/p>\n\n\n\n<p>Bo\u0161nja\u010dka stranka upu\u0107uje iskrene \u010destitke svim novinarima, urednicima i medijskim radnicima, uz izraze dubokog po\u0161tovanja za njihov svakodnevni doprinos informisanju javnosti.<\/p>\n\n\n\n<p>Uloga medija u savremenom dru\u0161tvu, kako navode, od presudnog je zna\u010daja za o\u010duvanje demokratskih vrijednosti.<\/p>\n\n\n\n<p>\u201cSlobodno, odgovorno i profesionalno novinarstvo predstavlja temelj transparentnosti, vladavine prava i povjerenja gra\u0111ana u institucije.<\/p>\n\n\n\n<p>Bo\u0161nja\u010dka stranka ostaje \u010dvrsto posve\u0107ena evropskom putu i vrijednostima koje podrazumijevaju ja\u010danje medijskih sloboda, za\u0161titu novinara i unapre\u0111enje profesionalnih standarda u medijskom prostoru.<\/p>\n\n\n\n<p>U tom duhu, jo\u0161 jednom \u010destitamo Dan medija, uz \u017eelju da novinari nastave da rade u slobodnom, sigurnom i profesionalnom okru\u017eenju, u interesu istine i svih gra\u0111ana\u201d, pi\u0161e u \u010destitki.<\/p>\n\n\n\n<p><strong>Jokovi\u0107: Bez slobode novinara nema ni slobode gra\u0111ana<\/strong><\/p>\n\n\n\n<p>Svim medijskim poslenicima upu\u0107ujemo \u010destitke povodom Svjetskog dana slobode medija, uz duboko po\u0161tovanje za profesiju koja predstavlja temelj svakog slobodnog dru\u0161tva, saop\u0161tio je u ime Socijalisti\u010dke narodne partije (SNP), predsjednik <strong>Vladimir Jokovic<\/strong>.<\/p>\n\n\n\n<p>\u201cU eri postistine i globalne poplave dezinformacija, va\u0161a uloga \u010duvara \u010dinjenica va\u017enija je nego ikada. Danas novinarski poziv nije ugro\u017een samo fizi\u010dkim pritiscima dok tragate za istinom, ve\u0107 i brzim razvojem vje\u0161ta\u010dke inteligencije koja, iako tehnolo\u0161ki napredna, nikada ne mo\u017ee zamijeniti ljudski integritet, etiku i hrabrost \u017eivog novinara\u201d, poru\u010dio je Jokovi\u0107.<\/p>\n\n\n\n<p>Kako ka\u017ee, novinari su ti koji kriti\u010dkom mi\u0161lju i beskompromisnim traganjem za pravdom na\u0161e dru\u0161tvo \u010dine boljim, odgovornijim i transparentnijim.<\/p>\n\n\n\n<p>\u201cBez va\u0161e slobode, nema ni istinske slobode gra\u0111ana. Budite uvjereni da \u0107e SNP ostati nepokolebljiv partner u stvaranju ambijenta u kojem se istina ne progoni, a novinarsko dostojanstvo ne gazi\u201d, poru\u010dio je Jokovi\u0107.<\/p>\n\n\n\n<p><strong>Ombudsman: Pritisci na novinare optere\u0107uju dalji napredak dru\u0161tva<\/strong><\/p>\n\n\n\n<p>Za\u0161titnik ljudskih prava i sloboda Crne Gore svim predstavnicima i poslenicima medijske djelatnosti \u010destita 3. maj, Svjetski dan slobode medija, nagla\u0161avaju\u0107i va\u017enost slobodnih, profesionalnih i nezavisnih medija za demokratizaciju dru\u0161tva. Istotvremeno, Za\u0161titnik upozorava na va\u017enost za\u0161tite novinara, ukazuju\u0107i da razli\u010diti vidovi pritisaka na novinare optere\u0107uju dalji napredak Crne Gore kao dru\u0161tva, te poziva na stvaranje generalno boljih uslova za rad medija, uklju\u010duju\u0107i obavezu stvaranja povoljne dru\u0161tvene klime u kojoj egzistiraju i djeluju mediji.<\/p>\n\n\n\n<p>Mediji ne mogu djelovati uniformno, niti se od novinara mo\u017ee zahtijevati da se odreknu sopstvene slobodne kriti\u010dke misli, bez koje bi se vratili decenijama unazad prihvataju\u0107i koncept jednoumlja kao na\u010din razmi\u0161ljanja i djelovanja. Umjesto toga, kao \u0161to je razli\u010ditost bogatstvo jednog dru\u0161tva, tako je i medijska raznovrsnost i raznolikost uslov stvaranja \u0161ire slike o nama i na\u0161em okru\u017eenju i preduslov spajanja svih dru\u0161tvenih resursa u jedinstvo razli\u010ditosti. To jedinstvo nije ni\u0161ta drugo nego jedan od stubova sveukupne dru\u0161tvene kohezije u kojoj niko nije isklju\u010den, podcijenjen ili marginalizovan, ve\u0107 uklju\u010den u sve dru\u0161tvene tokove i vrijedan po\u0161tovanja\u201d, pi\u0161e u \u010destitki.<\/p>\n\n\n\n<p>Svako nedozvoljeno ograni\u010denje medijske slobode, navodi Za\u0161titnik, samo je karika lanca koje okiva slobodu misli i izra\u017eavanja, kao najvi\u0161e civilizacijske vrijednosti u kontekstu po\u0161tovanja ljudskih prava i sloboda.<\/p>\n\n\n\n<p>\u201cNasuprot ovim pravima i slobodama stoje klju\u010dne obaveze medija, a to su po\u0161tovanje prava i sloboda drugih, uklju\u010duju\u0107i zabranu promovisanja i podsticanja mr\u017enje i netolerancije, za\u0161titu ljudskog dostojanstva oli\u010denog u po\u0161tovanju \u010dasti i ugleda ljudi, za\u0161titu klju\u010dnih moralnih vrijednosti i javnog interesa dru\u0161tva kada se za to steknu uslovi. Kao institucija, Za\u0161titnik iskazuje stav da se ove granice te\u0161ko ustanovljavaju u uslovima nedostatka podr\u0161ke obrazovanju i usavr\u0161avanju novinara, ispla\u0107ivanjem zarada nerijetko manjim od ukupnog dr\u017eavnog prosjeka ili pak forsiranjem neprofesionalnih i neeti\u010dkih standarda profesije.<\/p>\n\n\n\n<p>Umjesto toga, profesionalno i objektivno novinarstvo, sa makar bazi\u010dnom linijom granica nezavisnosti i nepristrasnosti, oslobo\u0111eno nedozvoljenog i nezakonitog uticaja i slobodno u misiji koju mediji ostvaruju, su ujedno promoteri i garancija uspostavljanja i o\u010duvanja demokratije i demokratskog u\u010de\u0161\u0107a gra\u0111ana u dono\u0161enju odluka.<\/p>\n\n\n\n<p>Kona\u010dno, svi oni koji se bave javnim poslom u okviru ovla\u0161\u0107enja koja su im data, moraju kona\u010dno shvatiti da kritika medija koju trpe nije presija, ve\u0107 dobrovoljna posljedica njihovog ionako privilegovanog polo\u017eaja koji su stekli dolaskom na funkciju. Sljedstveno tome, obaveza koja proisti\u010de iz same sr\u017ei dr\u017eavni\u010dkog posla jeste ne samo da trpe kriti\u010dko izvje\u0161tavanje i po\u0161tuju slobodu medija, ve\u0107 i da obezbijede uslove za dostojanstven i u granicama ovla\u0161\u0107enja jednako toliko pla\u0107en rad koji obavljaju mediji, odnosno novinari\u201d, navodi se u \u010destitki Za\u0161titnika.<\/p>\n\n\n\n<p><strong>Camaj: Podr\u0161ka slobodi medija mora biti dosljedna i principijelna<\/strong><\/p>\n\n\n\n<p>Potpredsjednik Skup\u0161tine Crne Gore <strong>Nikola Camaj<\/strong> \u010destitao je 3. maj \u2013 Me\u0111unarodni dan slobode medija svim medijima u Crnoj Gori, isti\u010du\u0107i da je sloboda izra\u017eavanja temelj svakog demokratskog dru\u0161tva, saop\u0161teno je iz Skup\u0161tine.<\/p>\n\n\n\n<p>On je naglasio da podr\u0161ka slobodi medija mora biti dosljedna i principijelna, \u010dak i u situacijama kada objavljeni sadr\u017eaji nijesu u skladu sa li\u010dnim stavovima ili o\u010dekivanjima, jer je upravo takva sloboda pokazatelj zrelosti dru\u0161tva i snage demokratskih institucija.<\/p>\n\n\n\n<p>\u201cCamaj je posebno naglasio da za\u0161tita novinara mora biti prioritet, te da je neophodno obezbijediti sigurno okru\u017eenje za njihov rad, bez pritisaka, prijetnji i nasilja, uz efikasnu reakciju nadle\u017enih institucija u svakom pojedina\u010dnom slu\u010daju\u201d, navodi se u \u010destitki.<\/p>\n\n\n\n<p>Po\u017eelio je svim predstavnicima medija siguran i dostojanstven rad, uz uvjerenje da \u0107e nastaviti da profesionalno i odgovorno djeluju u interesu javnosti i svih gra\u0111ana Crne Gore.<\/p>","protected":false},"excerpt":{"rendered":"<p>Povodom Me\u0111unarodnog dana slobode medija sti\u017eu \u010destitke sa vi\u0161e adresa.<\/p>","protected":false},"author":13,"featured_media":965285,"comment_status":"open","ping_status":"open","sticky":false,"template":"","format":"standard","meta":{"_acf_changed":false,"footnotes":"","jetpack_publicize_message":"","jetpack_publicize_feature_enabled":true,"jetpack_social_post_already_shared":true,"jetpack_social_options":{"image_generator_settings":{"template":"highway","default_image_id":0,"font":"","enabled":false},"version":2}},"categories":[9],"tags":[6454,8144],"naslovna":[908],"class_list":["post-965284","post","type-post","status-publish","format-standard","has-post-thumbnail","hentry","category-drustvo","tag-cestitke-2","tag-sloboda-medija","naslovna-izdvajamo"],"acf":[],"jetpack_publicize_connections":[],"_links":{"self":[{"href":"https:\/\/gradski.me\/en\/wp-json\/wp\/v2\/posts\/965284","targetHints":{"allow":["GET"]}}],"collection":[{"href":"https:\/\/gradski.me\/en\/wp-json\/wp\/v2\/posts"}],"about":[{"href":"https:\/\/gradski.me\/en\/wp-json\/wp\/v2\/types\/post"}],"author":[{"embeddable":true,"href":"https:\/\/gradski.me\/en\/wp-json\/wp\/v2\/users\/13"}],"replies":[{"embeddable":true,"href":"https:\/\/gradski.me\/en\/wp-json\/wp\/v2\/comments?post=965284"}],"version-history":[{"count":3,"href":"https:\/\/gradski.me\/en\/wp-json\/wp\/v2\/posts\/965284\/revisions"}],"predecessor-version":[{"id":965309,"href":"https:\/\/gradski.me\/en\/wp-json\/wp\/v2\/posts\/965284\/revisions\/965309"}],"wp:featuredmedia":[{"embeddable":true,"href":"https:\/\/gradski.me\/en\/wp-json\/wp\/v2\/media\/965285"}],"wp:attachment":[{"href":"https:\/\/gradski.me\/en\/wp-json\/wp\/v2\/media?parent=965284"}],"wp:term":[{"taxonomy":"category","embeddable":true,"href":"https:\/\/gradski.me\/en\/wp-json\/wp\/v2\/categories?post=965284"},{"taxonomy":"post_tag","embeddable":true,"href":"https:\/\/gradski.me\/en\/wp-json\/wp\/v2\/tags?post=965284"},{"taxonomy":"naslovna","embeddable":true,"href":"https:\/\/gradski.me\/en\/wp-json\/wp\/v2\/naslovna?post=965284"}],"curies":[{"name":"wp","href":"https:\/\/api.w.org\/{rel}","templated":true}]}}