{"id":964990,"date":"2026-05-02T12:35:00","date_gmt":"2026-05-02T10:35:00","guid":{"rendered":"https:\/\/gradski.me\/?p=964990"},"modified":"2026-05-02T12:30:52","modified_gmt":"2026-05-02T10:30:52","slug":"podignuta-optuznica-protiv-sest-osoba-zbog-kriminalne-organizacije-i-krijumcarenja-marihuane","status":"publish","type":"post","link":"https:\/\/gradski.me\/en\/hronika\/podignuta-optuznica-protiv-sest-osoba-zbog-kriminalne-organizacije-i-krijumcarenja-marihuane\/","title":{"rendered":"Podignuta optu\u017enica protiv \u0161est osoba zbog kriminalne organizacije i krijum\u010darenja marihuane"},"content":{"rendered":"<p>Optu\u017enica je, kako navode, nakon zavr\u0161ene istrage, predata Specijalnom odjeljenju Vi\u0161eg suda u Podgorici, a obuhvata okrivljene D.K., D.B., T.C., A.P., D.S. i R.P.<\/p>\n\n\n\n<p>Kako se navodi, svim okrivljenima na teret se stavlja krivi\u010dno djelo stvaranje kriminalne organizacije, dok se D.K. i D.B. dodatno terete za dva krivi\u010dna djela neovla\u0161\u0107ene proizvodnje, dr\u017eanja i stavljanja u promet opojnih droga.<\/p>\n\n\n\n<p>Okrivljeni T.C. i A.P. terete se i za po jedno krivi\u010dno djelo iz iste oblasti. Iz Specijalnog dr\u017eavnog tu\u017eila\u0161tva je saop\u0161teno da je u optu\u017enici predlo\u017eeno produ\u017eenje pritvora za A.P., D.S. i R.P.<\/p>\n\n\n\n<p>\u201ePredlo\u017eeno je da se okrivljenima A.P., D.S. i R.P. produ\u017ei pritvor, a da se ostalima okrivljenima, koji su u bjekstvu i za kojima su raspisane potjernice, sudi u odsustvu\u201c, navodi se u saop\u0161tenju.<\/p>","protected":false},"excerpt":{"rendered":"<p>Specijalno dr\u017eavno tu\u017eila\u0161tvo podiglo je optu\u017enicu protiv \u0161est osoba zbog stvaranja kriminalne organizacije i krivi\u010dnih djela u vezi sa neovla\u0161\u0107enom proizvodnjom i prometom opojnih droga, saop\u0161teno je iz te institucije.<\/p>","protected":false},"author":13,"featured_media":964991,"comment_status":"open","ping_status":"open","sticky":false,"template":"","format":"standard","meta":{"_acf_changed":false,"footnotes":"","jetpack_publicize_message":"","jetpack_publicize_feature_enabled":true,"jetpack_social_post_already_shared":true,"jetpack_social_options":{"image_generator_settings":{"template":"highway","default_image_id":0,"font":"","enabled":false},"version":2}},"categories":[10],"tags":[635,109],"naslovna":[],"class_list":["post-964990","post","type-post","status-publish","format-standard","has-post-thumbnail","hentry","category-hronika","tag-marihuana","tag-uprava-policije"],"acf":[],"jetpack_publicize_connections":[],"_links":{"self":[{"href":"https:\/\/gradski.me\/en\/wp-json\/wp\/v2\/posts\/964990","targetHints":{"allow":["GET"]}}],"collection":[{"href":"https:\/\/gradski.me\/en\/wp-json\/wp\/v2\/posts"}],"about":[{"href":"https:\/\/gradski.me\/en\/wp-json\/wp\/v2\/types\/post"}],"author":[{"embeddable":true,"href":"https:\/\/gradski.me\/en\/wp-json\/wp\/v2\/users\/13"}],"replies":[{"embeddable":true,"href":"https:\/\/gradski.me\/en\/wp-json\/wp\/v2\/comments?post=964990"}],"version-history":[{"count":1,"href":"https:\/\/gradski.me\/en\/wp-json\/wp\/v2\/posts\/964990\/revisions"}],"predecessor-version":[{"id":964992,"href":"https:\/\/gradski.me\/en\/wp-json\/wp\/v2\/posts\/964990\/revisions\/964992"}],"wp:featuredmedia":[{"embeddable":true,"href":"https:\/\/gradski.me\/en\/wp-json\/wp\/v2\/media\/964991"}],"wp:attachment":[{"href":"https:\/\/gradski.me\/en\/wp-json\/wp\/v2\/media?parent=964990"}],"wp:term":[{"taxonomy":"category","embeddable":true,"href":"https:\/\/gradski.me\/en\/wp-json\/wp\/v2\/categories?post=964990"},{"taxonomy":"post_tag","embeddable":true,"href":"https:\/\/gradski.me\/en\/wp-json\/wp\/v2\/tags?post=964990"},{"taxonomy":"naslovna","embeddable":true,"href":"https:\/\/gradski.me\/en\/wp-json\/wp\/v2\/naslovna?post=964990"}],"curies":[{"name":"wp","href":"https:\/\/api.w.org\/{rel}","templated":true}]}}