{"id":964972,"date":"2026-05-02T12:30:00","date_gmt":"2026-05-02T10:30:00","guid":{"rendered":"https:\/\/gradski.me\/?p=964972"},"modified":"2026-05-02T11:36:34","modified_gmt":"2026-05-02T09:36:34","slug":"ponistena-politika-koja-je-vazila-60-godina-japan-ponovo-izvozi-oruzje","status":"publish","type":"post","link":"https:\/\/gradski.me\/en\/svijet\/ponistena-politika-koja-je-vazila-60-godina-japan-ponovo-izvozi-oruzje\/","title":{"rendered":"Poni\u0161tena politika koja je va\u017eila 60 godina: Japan ponovo izvozi oru\u017eje"},"content":{"rendered":"<p><\/p>\n\n\n\n<p>Vlada Japana je pro\u0161le sedmice potvrdila da \u0107e japanske kompanije ubudu\u0107e mo\u0107i da prodaju vojnu opremu u 17 zemalja sa kojima Japan ima sporazume o vojnoj saradnji, \u010dime se poni\u0161tava politika koja datira jo\u0161 iz 1967. godine, pi\u0161e Doj\u010de Vele DW.<\/p>\n\n\n\n<p>Administracija premijerke <strong>Sanae Takai\u010di<\/strong> ovu odluku predstavlja kao na\u010din da se osigura jzemlje \u2013 kroz pomo\u0107 partnerskim dr\u017eavama.<\/p>\n\n\n\n<p>\u201eRastu o\u010dekivanja kada je rije\u010d o japanskoj odbrambenoj opremi\u201c, rekla je Takai\u010di novinarima u Tokiju.<\/p>\n\n\n\n<p>\u201eTransferi opreme koji odgovaraju potrebama zemalja sli\u010dnog opredjeljenja doprine\u0107e ja\u010danju njihovih odbrambenih sposobnosti.\u201c<\/p>\n\n\n\n<p>Ova promjena politike vjerovatno \u0107e imati dugoro\u010dne geopoliti\u010dke posljedice na zapadni Pacifik. Neki strahuju da bi ovaj potez mogao da dovede region na ivicu oru\u017eanih sukoba.<\/p>\n\n\n\n<p><strong>Filipini i Australija kao prve zemlje sa ugovorima<\/strong><\/p>\n\n\n\n<p>Australija i Filipini bi\u0107e prve saveznice koje \u0107e imati koristi od ove promjene japanske politike, a najava je potvrdila velike ugovore koji su planirani ve\u0107 nekoliko mjeseci.<\/p>\n\n\n\n<p>Japan je sa Australijom potpisao sporazum vredan 6,5 milijardi dolara (5,5 milijardi eura) o isporuci 11 unaprije\u0111enih verzija fregata klase \u201eMogami\u201c, koje se ve\u0107 nalaze u sastavu Japanskih pomorskih snaga. Prva tri ratna broda bi\u0107e izgra\u0111ena u Japanu i isporu\u010dena do 2030. godine, dok \u0107e preostali biti gra\u0111eni u australijskim brodogradili\u0161tima.<\/p>\n\n\n\n<p>Prema izvje\u0161tajima, Indonezija je zainteresovana za nabavku podmornica klase \u201eOja\u0161io\u201c, dok Filipini razmatraju kupovinu eskortnih razara\u010da klase \u201eAbukuma\u201c, koji se postepeno povla\u010de iz upotrebe u Japanu.<\/p>\n\n\n\n<p>To bi zna\u010dajno oja\u010dalo sposobnosti filipinske mornarice u suo\u010davanju sa kineskim pomorskim snagama koje su zauzele atole i grebene u Ju\u017enom kineskom moru, na koje Manila pola\u017ee pravo.<\/p>\n\n\n\n<p>Japan tako\u0111e sara\u0111uje sa Velikom Britanijom i Italijom na stelt lovcu \u0161este generacije u okviru Globalnog borbenog vazdu\u0161nog programa (GCAP) i razvija presreta\u010d klizaju\u0107e faze (GPI) sa SAD za borbu protiv hipersoni\u010dnih raketa.<\/p>\n\n\n\n<p><strong>Japan zabrinut za svoju bezbjednost zbog Kine i Sjeverne Koreje<\/strong><\/p>\n\n\n\n<p>Kako navode analiti\u010dari, iza ove odluke stoji vi\u0161e razloga, ali svi se svode na potrebu Japana da u\u010dini vi\u0161e za svoju bezbjednost.<\/p>\n\n\n\n<p>\u201eS obzirom na te\u0161ko bezbjednosno okru\u017eenje \u2013 prije svega Kinu i Sjevernu Koreju \u2013 Japan mora da doprinese o\u010duvanju ravnote\u017ee snaga u ovom dijelu svijeta\u201c, rekao je <strong>Masajuki Masuda<\/strong>, sa Nacionalnog instituta za odbrambene studije u Tokiju.<\/p>\n\n\n\n<p>\u201eKineska mornarica je pro\u0161irila svoje operacije na srednji Pacifik, a klju\u010dni dio japanske strategije nacionalne bezbjednosti mora da bude odvra\u0107anje. Vidimo da raste i izazov iz Sjeverne Koreje, jer tamo\u0161nji re\u017eim testira nove interkontinentalne balisti\u010dke rakete ve\u0107eg dometa i nosivosti, \u010dime se otvara novi nivo eskalacije\u201c, rekao je Masuda za DW.<\/p>\n\n\n\n<p>\u201eJapan intenzivno poku\u0161ava da diplomatijom stvori stabilno okru\u017eenje u regionu, ali to mora biti potkrijepljeno sposobno\u0161\u0107u odvra\u0107anja. Jedan od na\u010dina za to jeste isporuka najkvalitetnijih sistema naoru\u017eanja na\u0161im partnerima, poput Filipina i Australije\u201c, rekao je Masuda za DW.<\/p>\n\n\n\n<p><strong>Nastavak politike \u0160inzo Abea<\/strong><\/p>\n\n\n\n<p><strong>Margarita Estevez Abe<\/strong>, stru\u010dnjak za Japan sa Maksvel \u0161kole Univerziteta u Sirakuzi, navela je da je odluka premijerke Takai\u010di vo\u0111ena nizom faktora, uklju\u010duju\u0107i i neke koji mogu biti \u010dak zna\u010dajniji od samoodbrane.<\/p>\n\n\n\n<p>\u201ePoliti\u010dka \u017eelja\u201c za izvozom japanskog oru\u017eja, kako ka\u017ee, prethodi Takai\u010di i vodi poreklo jo\u0161 od njenog mentora, \u0160inza Abea, koji je 2014. godine ubla\u017eio strogu zabranu izvoza oru\u017eja iz 1967. kako bi dozvolio prodaju nesmrtonosne opreme, poput one za nadzor, transport, spasavanje i razminiranje, dok je smrtonosno oru\u017eje tada i dalje bilo zabranjeno.<\/p>\n\n\n\n<p>\u201eVrijeme dono\u0161enja odluke premijerke Takai\u010di odre\u0111eno je dvijema stvarima\u201c, rekla je Estevez Abe.<\/p>\n\n\n\n<p>\u201ePrvo, SAD vr\u0161e pritisak na sve saveznike da pove\u0107aju izdvajanja za odbranu. Umjesto da se ta dodatna sredstva tro\u0161e na kupovinu ameri\u010dkog oru\u017eja, Takai\u010di ho\u0107e da ih iskoristi kao dio industrijske politike. A Japan ne mo\u017ee da izgradi odr\u017eivu odbrambenu industriju bez izvoza.\u201c<\/p>\n\n\n\n<p>\u201eDrugo, Takai\u010di ho\u0107e da izmijeni Ustav kako bi uklonila \u010clan 9. takozvanu mirovnu klauzulu\u201c, dodala je ona. Ovaj \u010dlan, koji je na snazi od 1947. godine, nala\u017ee da se Japan trajno odri\u010de rata kao suverenog prava nacije i zabranjuje posjedovanje vojnih snaga sa potencijalom za napad.<\/p>\n\n\n\n<p>\u201e\u0160to svijet postaje nestabilniji, to \u0107e joj biti lak\u0161e da opravda tu promjenu. Njena odluka da raskine sa statusom kvo dieo je \u0161ireg politi\u010dkog plana.\u201c<\/p>\n\n\n\n<p><strong>Partneri i rivali \u2013 reakcije SAD, Francuske i Kine<\/strong><\/p>\n\n\n\n<p>Odluka Japana da ukine dugogodi\u0161nju zabranu prodaje smrtonosnog oru\u017eja u inostranstvu nai\u0161la je na odobravanje saveznika, ali i na o\u0161tre kritike regionalnih rivala.<\/p>\n\n\n\n<p>Ameri\u010dki ambasador u Japanu <strong>D\u017eord\u017e Glas<\/strong> je na dru\u0161tvenoj mre\u017ei X ocijenio ovaj potez kao \u201eistorijski korak\u201c koji \u0107e doprinijeti ja\u010danju odbrambenih sposobnosti me\u0111u saveznicima.<\/p>\n\n\n\n<p>Francuska je tako\u0111e pozdravila odluku Japana, a portparol Ministarstva spoljnih poslova rekao je novinarima da \u0107e ona \u201edoprinijeti bezbjednosti ljudi i o\u010duvanju suvereniteta u Evropi i indo-pacifi\u010dkom regionu\u201c.<\/p>\n\n\n\n<p>S druge strane, zvani\u010dnik kineskog Ministarstva spoljnih poslova naveo je da \u201enedavni opasni potezi Japana u vojnoj i bezbjednosnoj sferi dovode u pitanje njegovu samoprogla\u0161enu \u2018posve\u0107enost miru\u2019 i \u2018isklju\u010divo odbrambeno orijentisane\u2019 politike\u201c.<\/p>\n\n\n\n<p><strong>\u201eOvu dinamiku je pokrenuo Tramp\u201c<\/strong><\/p>\n\n\n\n<p>Estevez Abe odbacuje te tvrdnje.<\/p>\n\n\n\n<p>\u201eTo je ista optu\u017eba koju Peking ve\u0107 dugo upu\u0107uje \u2018jastrebovskim\u2019 premijerima Liberalno-demokratske partije\u201c, rekla je ona, dodaju\u0107i da \u0107e promjena japanske politike u\u010dvrstiti postoje\u0107e veze i pomo\u0107i Tokiju da gradi nova savezni\u0161tva, u trenutku kada raste zabrinutost zbog posve\u0107enosti Va\u0161ingtona svojim partnerima.<\/p>\n\n\n\n<p>\u201eSjedinjene Dr\u017eave su pokrenule ovu dinamiku\u201c, rekla je ona.<\/p>\n\n\n\n<p>Ameri\u010dki predsednik Donald Tramp \u201eotu\u0111io je toliko ameri\u010dkih saveznika da, kako ka\u017ee kanadski premijer <strong>Mark Karni<\/strong>, \u2018srednje sile\u2019 aktivno rade na smanjenju zavisnosti od Va\u0161ingtona\u201c.<\/p>\n\n\n\n<p>\u201eManje oslanjanje na ameri\u010dko naoru\u017eanje svakako je dio tog procesa\u201c, zaklju\u010dila je Estevez Abe.<\/p>","protected":false},"excerpt":{"rendered":"<p>Japan je ukinuo zabranu izvoza smrtonosnog naoru\u017eanja koja je va\u017eila skoro 60 godina. \u0160ta je cilj ove nove politike?<\/p>","protected":false},"author":13,"featured_media":919425,"comment_status":"open","ping_status":"open","sticky":false,"template":"","format":"standard","meta":{"_acf_changed":false,"footnotes":"","jetpack_publicize_message":"","jetpack_publicize_feature_enabled":true,"jetpack_social_post_already_shared":true,"jetpack_social_options":{"image_generator_settings":{"template":"highway","default_image_id":0,"font":"","enabled":false},"version":2}},"categories":[14],"tags":[17,141],"naslovna":[],"class_list":["post-964972","post","type-post","status-publish","format-standard","has-post-thumbnail","hentry","category-svijet","tag-japan","tag-oruzje"],"acf":[],"jetpack_publicize_connections":[],"_links":{"self":[{"href":"https:\/\/gradski.me\/en\/wp-json\/wp\/v2\/posts\/964972","targetHints":{"allow":["GET"]}}],"collection":[{"href":"https:\/\/gradski.me\/en\/wp-json\/wp\/v2\/posts"}],"about":[{"href":"https:\/\/gradski.me\/en\/wp-json\/wp\/v2\/types\/post"}],"author":[{"embeddable":true,"href":"https:\/\/gradski.me\/en\/wp-json\/wp\/v2\/users\/13"}],"replies":[{"embeddable":true,"href":"https:\/\/gradski.me\/en\/wp-json\/wp\/v2\/comments?post=964972"}],"version-history":[{"count":1,"href":"https:\/\/gradski.me\/en\/wp-json\/wp\/v2\/posts\/964972\/revisions"}],"predecessor-version":[{"id":964973,"href":"https:\/\/gradski.me\/en\/wp-json\/wp\/v2\/posts\/964972\/revisions\/964973"}],"wp:featuredmedia":[{"embeddable":true,"href":"https:\/\/gradski.me\/en\/wp-json\/wp\/v2\/media\/919425"}],"wp:attachment":[{"href":"https:\/\/gradski.me\/en\/wp-json\/wp\/v2\/media?parent=964972"}],"wp:term":[{"taxonomy":"category","embeddable":true,"href":"https:\/\/gradski.me\/en\/wp-json\/wp\/v2\/categories?post=964972"},{"taxonomy":"post_tag","embeddable":true,"href":"https:\/\/gradski.me\/en\/wp-json\/wp\/v2\/tags?post=964972"},{"taxonomy":"naslovna","embeddable":true,"href":"https:\/\/gradski.me\/en\/wp-json\/wp\/v2\/naslovna?post=964972"}],"curies":[{"name":"wp","href":"https:\/\/api.w.org\/{rel}","templated":true}]}}