{"id":964833,"date":"2026-05-01T16:36:00","date_gmt":"2026-05-01T14:36:00","guid":{"rendered":"https:\/\/gradski.me\/?p=964833"},"modified":"2026-05-01T14:26:55","modified_gmt":"2026-05-01T12:26:55","slug":"dva-kongresmena-traze-da-kosovo-udje-u-nato","status":"publish","type":"post","link":"https:\/\/gradski.me\/en\/region\/dva-kongresmena-traze-da-kosovo-udje-u-nato\/","title":{"rendered":"Dva kongresmena tra\u017ee da Kosovo u\u0111e u NATO"},"content":{"rendered":"<p><br><br><\/p>\n\n\n\n<p><\/p>\n\n\n\n<p>U saop\u0161tenju se navodi da rezolucija isti\u010de demokratsko upravljanje na Kosovu, civilnu kontrolu bezbjednosnih snaga i multietni\u010dki su\u017eivot kao osnov za \u010dlanstvo u Alijansi.<\/p>\n\n\n\n<p>Kako se ocjenjuje, uklju\u010divanje Kosova u NATO predstavljalo bi \u201cneophodnu protivte\u017eu\u201c u trenutku kada protivni\u010dke snage nastavljaju da destabilizuju region, uz napomenu da bi to moglo doprinijeti spre\u010davanju ozbiljnijih bezbjednosnih posljedica na Balkanu.<\/p>\n\n\n\n<p>U dokumentu se podsje\u0107a da je Kosovo proglasilo nezavisnost 2008. godine i da ga je priznalo vi\u0161e od 100 dr\u017eava, uklju\u010duju\u0107i Sjedinjene Ameri\u010dke Dr\u017eave i ve\u0107inu \u010dlanica NATO, ali da nedostatak jednoglasnog priznanja unutar Alijanse ostaje klju\u010dna prepreka za \u010dlanstvo.<\/p>\n\n\n\n<p>\u010cetiri \u010dlanice NATO \u2013 Gr\u010dka, Rumunija, Slova\u010dka i \u0160panija \u2013 i dalje ne priznaju Kosovo, \u0161to zbog principa konsenzusa ote\u017eava njegovo uklju\u010divanje u programe poput Partnerstva za mir i Akcionog plana za \u010dlanstvo.<\/p>\n\n\n\n<p>Rezolucijom se te dr\u017eave pozivaju da preispitaju svoje stavove, uz ocjenu da je \u0161ire priznanje Kosova neophodno za otvaranje puta ka \u010dlanstvu i zatvaranje \u201estrate\u0161kog vakuuma\u201c u jugoisto\u010dnoj Evropi.<\/p>\n\n\n\n<p>Self je naveo da je Kosovo pokazalo posve\u0107enost regionalnoj stabilnosti i uskla\u0111ivanju sa NATO, ali da njegov napredak ometa nedostatak priznanja od djela saveznika, dok je Loler ocjenio da je uklju\u010divanje Kosova u Alijansu klju\u010dno za suprotstavljanje rastu\u0107em uticaju protivnika u Evropi.<\/p>\n\n\n\n<p>Kako prenosi KoSSev, u saop\u0161tenju se zaklju\u010duje da bi prijem Kosova u NATO bio zna\u010dajan i za za\u0161titu bezbjednosnih interesa Sjedinjenih Ameri\u010dkih Dr\u017eava u jugoisto\u010dnoj Evropi. Kosovo trenutno nije dio NATO niti njegovih programa, a Alijansa je na terenu prisutna kroz misiju KFOR.<\/p>","protected":false},"excerpt":{"rendered":"<p>Ameri\u010dki kongresmeni Kit Self, Ri\u010di Tores i Majk Loler predstavili su u Predstavni\u010dkom domu rezoluciju kojom se izra\u017eava sna\u017ena podr\u0161ka integraciji Kosova u NATO, prenosi KoSSev.<\/p>","protected":false},"author":5,"featured_media":374152,"comment_status":"open","ping_status":"open","sticky":false,"template":"","format":"standard","meta":{"_acf_changed":false,"footnotes":"","jetpack_publicize_message":"","jetpack_publicize_feature_enabled":true,"jetpack_social_post_already_shared":true,"jetpack_social_options":{"image_generator_settings":{"template":"highway","default_image_id":0,"font":"","enabled":false},"version":2}},"categories":[13],"tags":[18431,2992,1262,70],"naslovna":[],"class_list":["post-964833","post","type-post","status-publish","format-standard","has-post-thumbnail","hentry","category-region","tag-kongresmeni","tag-kosovo","tag-nato","tag-sad"],"acf":[],"jetpack_publicize_connections":[],"_links":{"self":[{"href":"https:\/\/gradski.me\/en\/wp-json\/wp\/v2\/posts\/964833","targetHints":{"allow":["GET"]}}],"collection":[{"href":"https:\/\/gradski.me\/en\/wp-json\/wp\/v2\/posts"}],"about":[{"href":"https:\/\/gradski.me\/en\/wp-json\/wp\/v2\/types\/post"}],"author":[{"embeddable":true,"href":"https:\/\/gradski.me\/en\/wp-json\/wp\/v2\/users\/5"}],"replies":[{"embeddable":true,"href":"https:\/\/gradski.me\/en\/wp-json\/wp\/v2\/comments?post=964833"}],"version-history":[{"count":1,"href":"https:\/\/gradski.me\/en\/wp-json\/wp\/v2\/posts\/964833\/revisions"}],"predecessor-version":[{"id":964834,"href":"https:\/\/gradski.me\/en\/wp-json\/wp\/v2\/posts\/964833\/revisions\/964834"}],"wp:featuredmedia":[{"embeddable":true,"href":"https:\/\/gradski.me\/en\/wp-json\/wp\/v2\/media\/374152"}],"wp:attachment":[{"href":"https:\/\/gradski.me\/en\/wp-json\/wp\/v2\/media?parent=964833"}],"wp:term":[{"taxonomy":"category","embeddable":true,"href":"https:\/\/gradski.me\/en\/wp-json\/wp\/v2\/categories?post=964833"},{"taxonomy":"post_tag","embeddable":true,"href":"https:\/\/gradski.me\/en\/wp-json\/wp\/v2\/tags?post=964833"},{"taxonomy":"naslovna","embeddable":true,"href":"https:\/\/gradski.me\/en\/wp-json\/wp\/v2\/naslovna?post=964833"}],"curies":[{"name":"wp","href":"https:\/\/api.w.org\/{rel}","templated":true}]}}