{"id":964823,"date":"2026-05-01T12:06:00","date_gmt":"2026-05-01T10:06:00","guid":{"rendered":"https:\/\/gradski.me\/?p=964823"},"modified":"2026-05-01T11:13:24","modified_gmt":"2026-05-01T09:13:24","slug":"ekoloski-incident-na-kamenovu-inspekcije-nalozile-hitnu-sanaciju-obale-zatrpane-sutom","status":"publish","type":"post","link":"https:\/\/gradski.me\/en\/drustvo\/ekoloski-incident-na-kamenovu-inspekcije-nalozile-hitnu-sanaciju-obale-zatrpane-sutom\/","title":{"rendered":"Ecological incident in Kamenovo: Inspectors order urgent rehabilitation of shoreline covered in rubble"},"content":{"rendered":"<p><\/p>\n\n\n\n<p>Izvo\u0111a\u010d radova je, prema poslednjim informacijama, po\u010deo sa uklanjanjem materijala kako bi se obala vratila u prihvatljivo stanje.<\/p>\n\n\n\n<p>Cijeli proces pokrenut je 11. marta, kada je Javno preduze\u0107e za upravljanje morskim dobrom uputilo pisanu inicijativu Komunalnoj policiji op\u0161tine Budva.<\/p>\n\n\n\n<p>Podijeljene nadle\u017enosti i hitni izlazak na teren<\/p>\n\n\n\n<p>Iz Komunalne policije isti\u010du da su reagovali odmah po prijemu dopisa, ali da je zbog prirode incidenta bila neophodna asistencija dr\u017eavnih organa.<\/p>\n\n\n\n<p>\u201eMi smo 11. marta primili pisanu inicijativu, a ve\u0107 sutradan je na\u0161a inspektorka iza\u0161la na teren i sa\u010dinila slu\u017ebenu zabilje\u0161ku. Iako smo reagovali u najkra\u0107em roku, proslijedili smo predmet dr\u017eavnoj urbanisti\u010dko-gra\u0111evinskoj i ekolo\u0161koj inspekciji, jer kao lokalna slu\u017eba nismo nadle\u017eni za preduzimanje upravnih mjera u ovom domenu\u201c, pojasnili su iz Komunalne policije.<\/p>\n\n\n\n<p>Tokom proteklog vikenda sproveden je opse\u017ean nadzor u kojem je u\u010destvovalo vi\u0161e slu\u017ebi: od lokalne komunalne, preko dr\u017eavne urbanisti\u010dko-gra\u0111evinske i ekolo\u0161ke, pa sve do inspekcije rada i inspekcije za strance.<\/p>\n\n\n\n<p>Te\u0161ko vra\u0107anje u prvobitno stanje<\/p>\n\n\n\n<p>Prilikom inspekcijske kontrole na terenu je bila i ekolo\u0161ka ambasadorka za 2025. godinu, An\u0111a Budimir, koja je potvrdila da su nadle\u017eni organi konstatovali stanje i izdali jasne naloge izvo\u0111a\u010du.<\/p>\n\n\n\n<p>\u201eInspekcijske slu\u017ebe su obavile nadzor u skladu sa svojim nadle\u017enostima, a od kolega iz Sekretarijata za investicije saznala sam da je Op\u0161tina Budva nalo\u017eila izvo\u0111a\u010du da teren vrati u prihvatljivo stanje. Ipak, moramo biti realni \u2013 obali \u0107e se te\u0161ko vratiti prvobitni izgled. O\u010dekujemo da se barem onaj podmorski dio i linija kontakta sa morem saniraju do te mjere da situacija bude podno\u0161ljiva\u201c, izjavila je Budimir.<\/p>\n\n\n\n<p>Izvo\u0111a\u010d po\u010deo sa radovima<\/p>\n\n\n\n<p>Podsje\u0107amo, na ovom lokalitetu se izvode radovi na izgradnji saobra\u0107ajnica S23, S4 i S5, kao i pje\u0161a\u010dke staze, dok tri fizi\u010dka lica uporedo grade turisti\u010dke vile. Nezvani\u010dno, \u0161ut je na samu obalu odlagao izvo\u0111a\u010d radova anga\u017eovan na ovim projektima.<\/p>\n\n\n\n<p>Nakon o\u0161trih reakcija javnosti i pritiska inspekcijskih slu\u017ebi, izvo\u0111a\u010d je prethodnih dana pristupio izvr\u0161enju naloga. Na terenu je primjetna mehanizacija koja radi na uklanjanju \u0161uta, \u010dime je zapo\u010deta bitka za spas jednog od najljep\u0161ih djelova budvanske rivijere koji je stradao zbog nemara i nepropisnog odlaganja gra\u0111evinskog otpada.<\/p>","protected":false},"excerpt":{"rendered":"<p>Nakon \u0161to je utvr\u0111eno da je tokom radova na izgradnji saobra\u0107ajnica i privatnih turisti\u010dkih vila na lokalitetu Kamenovo do\u0161lo do devastacije morske obale odlaganjem ogromnih koli\u010dina \u0161uta, inspekcijske slu\u017ebe su nalo\u017eile hitnu sanaciju terena.<\/p>","protected":false},"author":5,"featured_media":438508,"comment_status":"open","ping_status":"open","sticky":false,"template":"","format":"standard","meta":{"_acf_changed":false,"footnotes":"","jetpack_publicize_message":"","jetpack_publicize_feature_enabled":true,"jetpack_social_post_already_shared":true,"jetpack_social_options":{"image_generator_settings":{"template":"highway","default_image_id":0,"font":"","enabled":false},"version":2}},"categories":[9],"tags":[327,19001],"naslovna":[],"class_list":["post-964823","post","type-post","status-publish","format-standard","has-post-thumbnail","hentry","category-drustvo","tag-inspekcija","tag-kamenovo"],"acf":[],"jetpack_publicize_connections":[],"_links":{"self":[{"href":"https:\/\/gradski.me\/en\/wp-json\/wp\/v2\/posts\/964823","targetHints":{"allow":["GET"]}}],"collection":[{"href":"https:\/\/gradski.me\/en\/wp-json\/wp\/v2\/posts"}],"about":[{"href":"https:\/\/gradski.me\/en\/wp-json\/wp\/v2\/types\/post"}],"author":[{"embeddable":true,"href":"https:\/\/gradski.me\/en\/wp-json\/wp\/v2\/users\/5"}],"replies":[{"embeddable":true,"href":"https:\/\/gradski.me\/en\/wp-json\/wp\/v2\/comments?post=964823"}],"version-history":[{"count":2,"href":"https:\/\/gradski.me\/en\/wp-json\/wp\/v2\/posts\/964823\/revisions"}],"predecessor-version":[{"id":964825,"href":"https:\/\/gradski.me\/en\/wp-json\/wp\/v2\/posts\/964823\/revisions\/964825"}],"wp:featuredmedia":[{"embeddable":true,"href":"https:\/\/gradski.me\/en\/wp-json\/wp\/v2\/media\/438508"}],"wp:attachment":[{"href":"https:\/\/gradski.me\/en\/wp-json\/wp\/v2\/media?parent=964823"}],"wp:term":[{"taxonomy":"category","embeddable":true,"href":"https:\/\/gradski.me\/en\/wp-json\/wp\/v2\/categories?post=964823"},{"taxonomy":"post_tag","embeddable":true,"href":"https:\/\/gradski.me\/en\/wp-json\/wp\/v2\/tags?post=964823"},{"taxonomy":"naslovna","embeddable":true,"href":"https:\/\/gradski.me\/en\/wp-json\/wp\/v2\/naslovna?post=964823"}],"curies":[{"name":"wp","href":"https:\/\/api.w.org\/{rel}","templated":true}]}}