{"id":964780,"date":"2026-05-01T11:08:44","date_gmt":"2026-05-01T09:08:44","guid":{"rendered":"https:\/\/gradski.me\/?p=964780"},"modified":"2026-05-01T11:11:43","modified_gmt":"2026-05-01T09:11:43","slug":"cestitke-povodom-prvog-maja-medjunarodnog-praznika-rada","status":"publish","type":"post","link":"https:\/\/gradski.me\/en\/drustvo\/cestitke-povodom-prvog-maja-medjunarodnog-praznika-rada\/","title":{"rendered":"Congratulations on May 1st - International Labor Day"},"content":{"rendered":"<p><strong>Pejovi\u0107: Skup\u0161tina \u0107e i ubudu\u0107e biti posve\u0107ena dono\u0161enju rje\u0161enja koja doprinose boljim uslovima rada<\/strong><\/p>\n\n\n\n<p>Potpredsjednik Skup\u0161tine crne Gore,&nbsp;<strong>Boris Pejovi\u0107<\/strong>, \u010destitao je Prvi maj.<\/p>\n\n\n\n<p>\u201cU ime Skup\u0161tine Crne Gore i u svoje ime, svim gra\u0111ankama i gra\u0111anima Crne Gore \u010destitam Prvi maj \u2013 Me\u0111unarodni praznik rada.<\/p>\n\n\n\n<p>Ovaj praznik nas podsje\u0107a na zna\u010daj rada, solidarnosti i zajedni\u010dke borbe za dostojanstvene uslove \u017eivota.<\/p>\n\n\n\n<p>Radnici su kroz generacije stvarali i gradili Crnu Goru, zato je na\u0161a obaveza da njihov rad bude po\u0161tovan i adekvatno vrednovan.<br>Upravo kroz reformska rje\u0161enja usvojena u Skup\u0161tini Crne Gore pove\u0107ane su plate i penzije, kako bi oni koji svakodnevno doprinose razvoju dr\u017eave, kao i oni koji su svoj radni vijek ugradili u njene temelje, u\u017eivali ve\u0107a primanja i sigurniji \u017eivot\u201d, pi\u0161e u \u010destitki.<\/p>\n\n\n\n<p>Pejovi\u0107 poru\u010duje da \u0107e nastaviti da rade na unapre\u0111enju standarda zaposlenih i stvaranju dru\u0161tva u kojem se rad cijeni, a rezultati ekonomskog razvoja ravnomjernije osje\u0107aju u \u017eivotu svakog gra\u0111anina.<\/p>\n\n\n\n<p>\u201cSkup\u0161tina Crne Gore \u0107e i ubudu\u0107e biti posve\u0107ena dono\u0161enju rje\u0161enja koja doprinose boljim uslovima rada, ve\u0107im primanjima i sigurnijoj budu\u0107nosti za sve radnike\u201d, kazao je Pejovi\u0107.<\/p>\n\n\n\n<p><strong>Vujovi\u0107: Vlada za 1. maj radnike \u201c\u010da\u0161\u0107ava\u201d uskra\u0107ivanjem osnovnih prava<\/strong><\/p>\n\n\n\n<p>Vlada za 1. maj radnike \u201c\u010da\u0161\u0107ava\u201d uskra\u0107ivanjem osnovnih prava, saop\u0161tio je predsjednik SDP-a i jedan od lidera Evropskog saveza&nbsp;<strong>Ivan<\/strong>&nbsp;<strong>Vujovic<\/strong>.<\/p>\n\n\n\n<p>Kako navodi, odbijanjem da ispuni opravdane zahtjeve zaposlenih i vodi socijalni dijalog, vlast je pokazala svoje bahato lice. Zato, danas na praznik rada nema Op\u0161teg kolektivnog ugovora, kao osnovnog instrumenta za\u0161tite prava ogromnog broja zaposlenih.<\/p>\n\n\n\n<p>\u201cUmjesto direktnog razgovora kako i jedino prili\u010di ozbiljnom socijalnom dijalogu ova Vlada se radnicima obra\u0107a saop\u0161tenjima putem medija i otkazuje dogovorene sastanke\u201d, poru\u010duje Vujovi\u0107.<\/p>\n\n\n\n<p>Kako isti\u010de, istovremeno, premijer optu\u017euje sindikate da su ucjenjiva\u010di. Dodaje da Vlast ovakvim pona\u0161anjem mo\u017eda postigne i nemogu\u0107e \u2013 da ujedini sindikate i poslodavce protiv nje.<\/p>\n\n\n\n<p>\u201cDa su umjesto radnika u pitanju kakvi kripto investitori, Spaji\u0107 bi imao vremena za razgovore i vjerovatno se ju\u010de ne bi ni pojavio na Premijerskom satu. Uprkos svemu tome i ovoj i ovakvoj vlasti kojoj \u0107emo ubrzo vidjeti le\u0111a \u2013 Sre\u0107an 1.maj svima koji \u017eive od svog rada!\u201d, zaklju\u010duje Vujovi\u0107.<\/p>\n\n\n\n<p><strong>Vuji\u010di\u0107: Borba za radni\u010dka prava ostaje jedno od klju\u010dnih dru\u0161tvenih pitanja<\/strong><\/p>\n\n\n\n<p>Danas, kada mnogi radnici i radnice u Crnoj Gori uprkos svakodnevnom radu te\u0161ko obezbje\u0111uju osnovnu egzistenciju, kada mladi sve \u010de\u0161\u0107e odlaze jer ne vide sigurnu budu\u0107nost, a brojni zaposleni \u017eive izme\u0111u nesigurnih ugovora i rasta tro\u0161kova \u017eivota, jasno je da borba za radni\u010dka prava ostaje jedno od klju\u010dnih dru\u0161tvenih pitanja, saop\u0161tila je Tanja Vuji\u010di\u0107, \u010dlanica Predsjedni\u0161tva Foruma \u017eena Evropskog saveza.<\/p>\n\n\n\n<p>\u201eVjerujemo u Crnu Goru u kojoj radnik nije jeftina radna snaga, ve\u0107 temelj dru\u0161tva.&nbsp;<\/p>\n\n\n\n<p>Vjerujemo u dru\u0161tvo jednakih \u0161ansi, u kojem \u017eene nisu zanemarene samo jer su \u017eene, u dru\u0161tvo u kojem mladi imaju budu\u0107nost, a penzioneri sigurnost\u201d, istakla je Vuji\u010di\u0107.<\/p>\n\n\n\n<p>Prema njenim rije\u010dima, Prvi maj podsje\u0107a da su radni\u010dka prava izborena solidarno\u0161\u0107u i borbom za pravdu.<\/p>\n\n\n\n<p>\u201eZato ostaje na\u0161a obaveza da nastavimo da gradimo dru\u0161tvo socijalne pravde, dostojanstvenog rada i jednakih mogu\u0107nosti za sve. Svim radnicima i radnicama \u010destitam 1. maj\u201d, zaklju\u010dila je Vuji\u010di\u0107.<\/p>\n\n\n\n<p><strong>SNP: Our obligation is to leave younger generations an environment in which workers' rights are inviolable<\/strong><\/p>\n\n\n\n<p>The Socialist People's Party of Montenegro sends its warmest congratulations to all citizens on the occasion of May 1st, International Labor Day.<\/p>\n\n\n\n<p>This holiday, as they state, represents for the SNP both a reminder of the historic struggle for workers' rights, and a strong incentive to persevere in the mission of creating a more just society in which every worker can live with dignity from their work.<\/p>\n\n\n\n<p>\"Every day, the SNP does everything we can to win together in the fight for a society of equal opportunities, in which the worker will not be just a statistic, but a pillar of stability for our country. Workers' rights, job security and adequate wages that keep up with the cost of living must not remain empty phrases. In times of economic challenges, our strength lies in unity and care for those who build a better Montenegro with their work.<\/p>\n\n\n\n<p>SNP, as a party that inherits original socialist ideas, will always be a steadfast partner to unions and all workers in the fight against discrimination and exploitation. We prove this every day. Our obligation is to leave younger generations an environment in which effort is valued and workers' rights are inviolable.<br>\"With the wish that you spend the holiday in health and peace with your loved ones, we once again congratulate you on May Day,\" the greeting reads.<\/p>\n\n\n\n<p><strong>\u0106ulafi\u0107: Montenegro is continuously improving the position of workers<\/strong><\/p>\n\n\n\n<p>On the occasion of May 1, International Workers' Day, the Minister of Ecology, Sustainable Development and Northern Development, Damjan \u0106ulafi\u0107, sent a congratulatory message to all citizens of Montenegro.<\/p>\n\n\n\n<p>\"I congratulate all citizens of Montenegro on International Labor Day, a holiday that symbolizes the fight for decent work, job security, and respect for workers' rights,\" said the minister.<\/p>\n\n\n\n<p>As he stated, Montenegro is celebrating this holiday today as a country that is continuously improving the position of workers, in which workers' rights are increasingly protected, and the unemployment rate is declining.<\/p>\n\n\n\n<p>\"Montenegro is certainly moving towards membership in the European Union, with a clear vision to become part of the single European market in the coming period. On this path, we are working to ensure that our citizens are ready to meet the challenges of the modern labor market, relying on their knowledge, skills and intellectual capacities,\" the minister said.<\/p>\n\n\n\n<p>At the same time, as he emphasized, there is a special focus on the development of a sustainable and green economy, which is of increasing importance in Montenegro.<\/p>\n\n\n\n<p>\"We are building economic progress in accordance with the principles of environmental protection, encouraging the creation of so-called green jobs, jobs that contribute to the preservation of natural resources, pollution reduction and sustainable development,\" said the minister.<\/p>\n\n\n\n<p>He once again congratulated May 1st, with wishes for personal and professional progress, safety at work, and better living conditions for all.<\/p>\n\n\n\n<p><strong>Peri\u0107: Without satisfied conditions for dignified work, there is no efficient and sustainable community<\/strong><\/p>\n\n\n\n<p>President of the Preokret Movement,&nbsp;<strong>Srdjan Peric<\/strong>, congratulated on International Labor Day - May Day.<\/p>\n\n\n\n<p>\"International Workers' Day is an opportunity to once again mark a date that should not remain just a symbol or an occasion for a declarative message. Workers' rights must not remain just a statement, but must be lived through concrete policies and decisions, which benefit those who build their existence and new value with their work, whether they do so in agriculture, manufacturing, service industries or public administration.\"<\/p>\n\n\n\n<p>Without a fair price for labor, and without the prerequisites for dignified and professional work, not only a just, but also an efficient and sustainable community is impossible. Protecting labor and workers means protecting the prospects for long-term development, and May Day is a day to remind us that this process is never completely completed and that it needs to be constantly improved in order to be the basis for long-term security for both the individual and society.<\/p>\n\n\n\n<p>\"It is necessary to abandon the practice of making promises without any obligation to fulfill them and to instill real concern for work and protection, especially for those who maintain and develop the community through their hard work. Therefore, it is necessary to establish a system in which work is valued and workers' rights are consistently implemented in practice. Such an approach can be the foundation of a reliable and just society,\" Peri\u0107's congratulatory message states.<\/p>\n\n\n\n<p><strong>Camaj: May Day reminds us of the importance of workers' rights<\/strong><\/p>\n\n\n\n<p>On the occasion of May Day, International Labor Day, the Vice President of the Parliament of Montenegro,&nbsp;<strong>Nikola Camaj,<\/strong>&nbsp;extends its most sincere congratulations to all citizens of Montenegro.<\/p>\n\n\n\n<p>\"This day reminds us of the importance of workers' rights, the dignity of work and solidarity, as well as the need to build a more just society for all.\"<\/p>\n\n\n\n<p>\"I wish you to spend this holiday in peace, health and prosperity,\" Camaj said.<\/p>","protected":false},"excerpt":{"rendered":"<p>Congratulations on May Day are coming from ministers, officials, MPs, and other politicians.<\/p>","protected":false},"author":19,"featured_media":964785,"comment_status":"open","ping_status":"open","sticky":false,"template":"","format":"standard","meta":{"_acf_changed":false,"footnotes":"","jetpack_publicize_message":"","jetpack_publicize_feature_enabled":true,"jetpack_social_post_already_shared":true,"jetpack_social_options":{"image_generator_settings":{"template":"highway","default_image_id":0,"font":"","enabled":false},"version":2}},"categories":[9],"tags":[6454,25110],"naslovna":[908],"class_list":["post-964780","post","type-post","status-publish","format-standard","has-post-thumbnail","hentry","category-drustvo","tag-cestitke-2","tag-prvi-maj","naslovna-izdvajamo"],"acf":[],"jetpack_publicize_connections":[],"_links":{"self":[{"href":"https:\/\/gradski.me\/en\/wp-json\/wp\/v2\/posts\/964780","targetHints":{"allow":["GET"]}}],"collection":[{"href":"https:\/\/gradski.me\/en\/wp-json\/wp\/v2\/posts"}],"about":[{"href":"https:\/\/gradski.me\/en\/wp-json\/wp\/v2\/types\/post"}],"author":[{"embeddable":true,"href":"https:\/\/gradski.me\/en\/wp-json\/wp\/v2\/users\/19"}],"replies":[{"embeddable":true,"href":"https:\/\/gradski.me\/en\/wp-json\/wp\/v2\/comments?post=964780"}],"version-history":[{"count":4,"href":"https:\/\/gradski.me\/en\/wp-json\/wp\/v2\/posts\/964780\/revisions"}],"predecessor-version":[{"id":964822,"href":"https:\/\/gradski.me\/en\/wp-json\/wp\/v2\/posts\/964780\/revisions\/964822"}],"wp:featuredmedia":[{"embeddable":true,"href":"https:\/\/gradski.me\/en\/wp-json\/wp\/v2\/media\/964785"}],"wp:attachment":[{"href":"https:\/\/gradski.me\/en\/wp-json\/wp\/v2\/media?parent=964780"}],"wp:term":[{"taxonomy":"category","embeddable":true,"href":"https:\/\/gradski.me\/en\/wp-json\/wp\/v2\/categories?post=964780"},{"taxonomy":"post_tag","embeddable":true,"href":"https:\/\/gradski.me\/en\/wp-json\/wp\/v2\/tags?post=964780"},{"taxonomy":"naslovna","embeddable":true,"href":"https:\/\/gradski.me\/en\/wp-json\/wp\/v2\/naslovna?post=964780"}],"curies":[{"name":"wp","href":"https:\/\/api.w.org\/{rel}","templated":true}]}}