{"id":964769,"date":"2026-05-01T11:54:00","date_gmt":"2026-05-01T09:54:00","guid":{"rendered":"https:\/\/gradski.me\/?p=964769"},"modified":"2026-05-01T11:02:02","modified_gmt":"2026-05-01T09:02:02","slug":"gradjanska-alijansa-gotovo-polovina-mladih-smatra-da-ih-institucije-ne-cuju","status":"publish","type":"post","link":"https:\/\/gradski.me\/en\/drustvo\/gradjanska-alijansa-gotovo-polovina-mladih-smatra-da-ih-institucije-ne-cuju\/","title":{"rendered":"Civic Alliance: Almost half of young people believe that institutions do not hear them"},"content":{"rendered":"<p><\/p>\n\n\n\n<p>Ovo su neki od klju\u010dnih nalaza istra\u017eivanja predstavljenih u polisi pejperu Gra\u0111anske alijanse \u201eJa\u010danje smislenog u\u010de\u0161\u0107a mladih u procesima dono\u0161enja odluka\u201c, koji ukazuju na postojanje sistemskih, institucionalnih i individualnih barijera koje ote\u017eavaju aktivnije uklju\u010divanje mladih u procese dono\u0161enja odluka.<\/p>\n\n\n\n<p>\u201c\u010cak 68,4 odsto ispitanika navodi da nije bilo ili nije bilo dovoljno uklju\u010deno u procese dono\u0161enja odluka na lokalnom i nacionalnom nivou, dok svega 31,6 odsto ima pozitivnu percepciju sopstvenog u\u010de\u0161\u0107a. Ovi podaci ukazuju na izra\u017een osje\u0107aj isklju\u010denosti i nedostatak stvarnih prilika za participaciju\u201d, saop\u0161tili su iz Gra\u0111anske alijanse.<\/p>\n\n\n\n<p>Kako dodaju, mladi isti\u010du da i kad su uklju\u010deni u javne rasprave, konsultacije ili radne grupe, \u010desto ne dobijaju povratne informacije o tome na koji na\u010din su njihovi prijedlozi uzeti u obzir. U\u010de\u0161\u0107e je, prema navodima Gra\u0111anske alijanse, neravnomjerno raspore\u0111eno, dominantno u ve\u0107im urbanim sredinama i me\u0111u mladima koji su ve\u0107 povezani sa organizacijama civilnog dru\u0161tva ili institucijama.<\/p>\n\n\n\n<p>\u201cPosebno u nepovoljnom polo\u017eaju su mladi iz ruralnih podru\u010dja, socio-ekonomski ugro\u017eenih sredina, manjinskih zajednica i mladi sa invaliditetom, koji se suo\u010davaju sa dodatnim preprekama \u2013 od nedostatka informacija do logisti\u010dkih i finansijskih ograni\u010denja\u201d, isti\u010du iz ove nevladine organizacije.<\/p>\n\n\n\n<p>Kako dodaju, iako je najve\u0107i broj ispitanika (34,2 odsto) naveo da je u\u010destvovao u radionicama ili forumima za mlade, zabrinjava podatak da gotovo tre\u0107ina (31,3 odsto) nikada nije imala priliku da u\u010destvuje u ovakvim aktivnostima, \u0161to dodatno ukazuje na nedovoljnu uklju\u010denost i dostupnost mjera i mehanizama.<\/p>\n\n\n\n<p>\u201cU\u010de\u0161\u0107e u formalnijim oblicima participacije znatno je rje\u0111e. Svega 10,2 odsto mladih u\u010destvovalo je u javnim raspravama, 7,9 odsto u gra\u0111anskim protestima, dok su konsultacije sa institucijama i anga\u017eman u savjetima mladih ili omladinskim tijelima jo\u0161 manje zastupljeni\u201d, napominju iz Gra\u0111anske alijanse.<\/p>\n\n\n\n<p>Nalazi istra\u017eivanja ukazuju, kako ka\u017eu, da u Crnoj Gori i dalje postoji zna\u010dajan jaz izme\u0111u formalno uspostavljenih mehanizama za u\u010de\u0161\u0107e mladih i njihovog stvarnog uticaja na javne politike. Dodatni problem, zaklju\u010duju, predstavlja izostanak standardizovanih mehanizama za pra\u0107enje uticaja mladih, kao i nedostatak jasno definisanih indikatora uspje\u0161nosti participacije.<\/p>","protected":false},"excerpt":{"rendered":"<p>Gotovo polovina mladih u Crnoj Gori (49 odsto) smatra da institucije ne uzimaju njihovo mi\u0161ljenje ozbiljno, dok kao klju\u010dne prepreke smislenom u\u010de\u0161\u0107u navode i nedostatak znanja i podr\u0161ke (29,9 odsto), nedostatak informacija (25,3 odsto), ograni\u010denu dostupnost u\u010de\u0161\u0107a odre\u0111enim grupama (24,3 odsto) i netransparentne procese (13,5 odsto).<\/p>","protected":false},"author":19,"featured_media":964770,"comment_status":"open","ping_status":"open","sticky":false,"template":"","format":"standard","meta":{"_acf_changed":false,"footnotes":"","jetpack_publicize_message":"","jetpack_publicize_feature_enabled":true,"jetpack_social_post_already_shared":true,"jetpack_social_options":{"image_generator_settings":{"template":"highway","default_image_id":0,"font":"","enabled":false},"version":2}},"categories":[9],"tags":[31806,1553],"naslovna":[],"class_list":["post-964769","post","type-post","status-publish","format-standard","has-post-thumbnail","hentry","category-drustvo","tag-graqdjanska-alijansa","tag-institucije"],"acf":[],"jetpack_publicize_connections":[],"_links":{"self":[{"href":"https:\/\/gradski.me\/en\/wp-json\/wp\/v2\/posts\/964769","targetHints":{"allow":["GET"]}}],"collection":[{"href":"https:\/\/gradski.me\/en\/wp-json\/wp\/v2\/posts"}],"about":[{"href":"https:\/\/gradski.me\/en\/wp-json\/wp\/v2\/types\/post"}],"author":[{"embeddable":true,"href":"https:\/\/gradski.me\/en\/wp-json\/wp\/v2\/users\/19"}],"replies":[{"embeddable":true,"href":"https:\/\/gradski.me\/en\/wp-json\/wp\/v2\/comments?post=964769"}],"version-history":[{"count":1,"href":"https:\/\/gradski.me\/en\/wp-json\/wp\/v2\/posts\/964769\/revisions"}],"predecessor-version":[{"id":964771,"href":"https:\/\/gradski.me\/en\/wp-json\/wp\/v2\/posts\/964769\/revisions\/964771"}],"wp:featuredmedia":[{"embeddable":true,"href":"https:\/\/gradski.me\/en\/wp-json\/wp\/v2\/media\/964770"}],"wp:attachment":[{"href":"https:\/\/gradski.me\/en\/wp-json\/wp\/v2\/media?parent=964769"}],"wp:term":[{"taxonomy":"category","embeddable":true,"href":"https:\/\/gradski.me\/en\/wp-json\/wp\/v2\/categories?post=964769"},{"taxonomy":"post_tag","embeddable":true,"href":"https:\/\/gradski.me\/en\/wp-json\/wp\/v2\/tags?post=964769"},{"taxonomy":"naslovna","embeddable":true,"href":"https:\/\/gradski.me\/en\/wp-json\/wp\/v2\/naslovna?post=964769"}],"curies":[{"name":"wp","href":"https:\/\/api.w.org\/{rel}","templated":true}]}}