{"id":964747,"date":"2026-05-01T09:20:00","date_gmt":"2026-05-01T07:20:00","guid":{"rendered":"https:\/\/gradski.me\/?p=964747"},"modified":"2026-05-01T08:54:00","modified_gmt":"2026-05-01T06:54:00","slug":"sad-tvrde-da-ne-ratuju-sa-iranom","status":"publish","type":"post","link":"https:\/\/gradski.me\/en\/svijet\/sad-tvrde-da-ne-ratuju-sa-iranom\/","title":{"rendered":"The US claims it is not at war with Iran"},"content":{"rendered":"<p><br><br><\/p>\n\n\n\n<p>\u201eNe mislim da imamo aktivno vojno bombardovanje, granatiranje ili bilo \u0161ta sli\u010dno. Trenutno poku\u0161avamo da posredujemo u mirovnom procesu\u201d, rekao je D\u017eonson, prenose ameri\u010dki mediji. Na pitanje o roku od 60 dana, tokom kojeg predsjednik SAD mo\u017ee da sprovodi vojnu akciju bez formalne saglasnosti Kongresa, D\u017eonson je kratko odgovorio: \u201eNismo u ratu.\u201d<\/p>\n\n\n\n<p>Rojters je objavio da je jedan visoki ameri\u010dki zvani\u010dnik naveo da su neprijateljstva prekinuta poslije primirja koje je na snazi od po\u010detka aprila, dok demokrate osporavaju takvo tuma\u010denje Zakona o ratnim ovla\u0161\u0107enjima.<\/p>\n\n\n\n<p>Istovremeno, \u201eAksios\u201d je objavio da je Centralna komanda SAD pripremila plan za mogu\u0107e kratke i sna\u017ene udare na iransku teritoriju, ukoliko Va\u0161ington proceni da je potrebno dodatno pritisnuti Teheran. Prema tim navodima, jedna od opcija podrazumijeva udare na infrastrukturne ciljeve, dok Tramp za sada kao glavni instrument pritiska koristi pomorsku blokadu i nastojanje da Iran vrati za pregovara\u010dki sto.<\/p>\n\n\n\n<p>U Va\u0161ingtonu se, me\u0111utim, istovremeno \u0161alju dvije poruke: da SAD ne \u017eele da govore o formalnom ratu, ali i da vojna opcija ostaje na stolu ako diplomatski pritisak ne donese rezultat. Ta dvosmislenost otvara prostor za novi sukob izme\u0111u Bijele ku\u0107e i Kongresa oko pitanja ko u ameri\u010dkom sistemu zaista ima posljednju rije\u010d kada je rije\u010d o nastavku vojnih operacija.<\/p>","protected":false},"excerpt":{"rendered":"<p>Predsjednik Predstavni\u010dkog doma SAD Majk D\u017eonson izjavio je da Sjedinjene Dr\u017eave nisu u ratu sa Iranom, dok se u Va\u0161ingtonu sve vi\u0161e raspravlja o pravnim ograni\u010denjima predsjedni\u010dkih ovla\u0161\u0107enja za vo\u0111enje vojnih operacija bez odobrenja Kongresa.<\/p>","protected":false},"author":5,"featured_media":582906,"comment_status":"open","ping_status":"open","sticky":false,"template":"","format":"standard","meta":{"_acf_changed":false,"footnotes":"","jetpack_publicize_message":"","jetpack_publicize_feature_enabled":true,"jetpack_social_post_already_shared":true,"jetpack_social_options":{"image_generator_settings":{"template":"highway","default_image_id":0,"font":"","enabled":false},"version":2}},"categories":[14],"tags":[1524,70],"naslovna":[908],"class_list":["post-964747","post","type-post","status-publish","format-standard","has-post-thumbnail","hentry","category-svijet","tag-iran","tag-sad","naslovna-izdvajamo"],"acf":[],"jetpack_publicize_connections":[],"_links":{"self":[{"href":"https:\/\/gradski.me\/en\/wp-json\/wp\/v2\/posts\/964747","targetHints":{"allow":["GET"]}}],"collection":[{"href":"https:\/\/gradski.me\/en\/wp-json\/wp\/v2\/posts"}],"about":[{"href":"https:\/\/gradski.me\/en\/wp-json\/wp\/v2\/types\/post"}],"author":[{"embeddable":true,"href":"https:\/\/gradski.me\/en\/wp-json\/wp\/v2\/users\/5"}],"replies":[{"embeddable":true,"href":"https:\/\/gradski.me\/en\/wp-json\/wp\/v2\/comments?post=964747"}],"version-history":[{"count":1,"href":"https:\/\/gradski.me\/en\/wp-json\/wp\/v2\/posts\/964747\/revisions"}],"predecessor-version":[{"id":964748,"href":"https:\/\/gradski.me\/en\/wp-json\/wp\/v2\/posts\/964747\/revisions\/964748"}],"wp:featuredmedia":[{"embeddable":true,"href":"https:\/\/gradski.me\/en\/wp-json\/wp\/v2\/media\/582906"}],"wp:attachment":[{"href":"https:\/\/gradski.me\/en\/wp-json\/wp\/v2\/media?parent=964747"}],"wp:term":[{"taxonomy":"category","embeddable":true,"href":"https:\/\/gradski.me\/en\/wp-json\/wp\/v2\/categories?post=964747"},{"taxonomy":"post_tag","embeddable":true,"href":"https:\/\/gradski.me\/en\/wp-json\/wp\/v2\/tags?post=964747"},{"taxonomy":"naslovna","embeddable":true,"href":"https:\/\/gradski.me\/en\/wp-json\/wp\/v2\/naslovna?post=964747"}],"curies":[{"name":"wp","href":"https:\/\/api.w.org\/{rel}","templated":true}]}}