{"id":964662,"date":"2026-04-30T21:00:00","date_gmt":"2026-04-30T19:00:00","guid":{"rendered":"https:\/\/gradski.me\/?p=964662"},"modified":"2026-04-30T21:08:15","modified_gmt":"2026-04-30T19:08:15","slug":"pejovic-najpouzdanije-istrazivanje-je-ono-na-izborni-dan-dizdarevic-dps-jaca-uprkos-pritiscima","status":"publish","type":"post","link":"https:\/\/gradski.me\/en\/politika\/pejovic-najpouzdanije-istrazivanje-je-ono-na-izborni-dan-dizdarevic-dps-jaca-uprkos-pritiscima\/","title":{"rendered":"Pejovi\u0107: The most reliable research is the one on election day; Dizdarevi\u0107: DPS is getting stronger despite pressure"},"content":{"rendered":"<p><\/p>\n\n\n\n<p>Ahead of next year's elections, political analyst Milo\u0161 Be\u0161i\u0107 estimates for Television of Montenegro that it is still too early to make precise forecasts, but points out that the Europe Movement now has the greatest coalition capacity, while the DPS and NSD are recording an increase in the potential for cooperation, with political divisions still evident on the scene.<\/p>\n\n\n\n<p>Boris Pejovi\u0107 (PES) commented on the research that was recently presented to the public and said that the most reliable thing is what the people confirm on election day.<\/p>\n\n\n\n<p>\"There are various surveys that can indicate a trend, but when it comes to the ratings of political parties, it is clear that, if elections were held today, the citizens would have a prime minister, and that would be Milojko Spaji\u0107. There have always been different ratings, and election results often show something different,\" he said.<\/p>\n\n\n\n<p>Speaking about the popularity of political figures, Pejovi\u0107 commented on Be\u0161i\u0107's statement that there is no leader who particularly stands out.<\/p>\n\n\n\n<p>\"This is good for democratic processes, because autocratic regimes show the concentration of power in one political figure. It is good for democratic maturation and I am proud that we live in a different environment,\" said Pejovi\u0107.<\/p>\n\n\n\n<p>He added that the perception of inflation exists, but that the broader context must be considered.<\/p>\n\n\n\n<p>\"The cumulative inflation in the last five years is 38.5 percent. Food prices have risen everywhere in the world, perhaps less here than globally. We cannot selectively look at only individual products,\" said Pejovi\u0107.<\/p>\n\n\n\n<p><img decoding=\"async\" width=\"100%\" src=\"https:\/\/rtcg.me\/upload\/\/media\/2026\/3\/30\/20\/19\/874\/2511181\/resize\/2511184\/abaz_506x900\" alt=\"Dizdarevi\u0107\" title=\"\"><em><strong>Dizdarevic<\/strong> (Photo: <strong>RTCG<\/strong>)<\/em><\/p>\n\n\n\n<p>On the other hand, DPS representative Abaz Dizdarevi\u0107 pointed out that the party is recording a continuous growth in support.<\/p>\n\n\n\n<p>\"Six years have passed since the change of government and there were predictions that we would disappear from the political scene, but that did not happen. In the 2023 elections, we had 23.3 percent of the vote in the coalition, and now we are recording growth in all surveys. Despite the pressure, citizens remain with us because of the idea,\" said Dizdarevi\u0107.<\/p>\n\n\n\n<p>He claims that DPS is still the strongest political group in Montenegro.<\/p>\n\n\n\n<p>\"We are without the instruments of power, and we are still the strongest. DPS is a political constant and that rating will be confirmed in the parliamentary elections, whenever they are,\" he said.<\/p>\n\n\n\n<p>When asked about the lack of a dominant leader, Dizdarevi\u0107 stated that it was about trust in the idea, not the individual.<\/p>\n\n\n\n<p>\"Perhaps there has been a saturation of personal appearances, but when it comes to DPS, citizens trust politics, regardless of personal solutions,\" said Dizdarevi\u0107.<\/p>\n\n\n\n<p><img decoding=\"async\" width=\"100%\" src=\"https:\/\/rtcg.me\/upload\/\/media\/2026\/3\/30\/20\/45\/50\/2511187\/resize\/2511190\/milicic_506x900\" alt=\"Mili\u010di\u0107\" title=\"\"><em><strong>Mili\u010di\u0107<\/strong> (Photo: <strong>RTCG<\/strong>)<\/em><\/p>\n\n\n\n<p>NSD representative Mirko Mili\u010di\u0107 said that the party has a stable electorate and follows trends that show trust in the government.<\/p>\n\n\n\n<p>\"The parliamentary majority has stability and the trust of citizens. The result is economic prosperity after 2023 - an increase in salaries and pensions, a reduction in public debt and unemployment, as well as better opportunities for young people who can now travel more,\" said Mili\u010di\u0107.<\/p>\n\n\n\n<p>He believes that it is good that there is no dominant leader, and that unity among political actors is important.<\/p>\n\n\n\n<p>\"A way has been found for us to be united and have a common goal, and that is Montenegro's European path,\" Mili\u010di\u0107 added.<\/p>\n\n\n\n<p><img decoding=\"async\" width=\"100%\" src=\"https:\/\/rtcg.me\/upload\/\/media\/2026\/3\/30\/20\/8\/626\/2511193\/resize\/2511196\/nenezic_506x900\" alt=\"Nenezi\u0107\" title=\"\"><em><strong>Nenezi\u0107<\/strong> (Photo: <strong>RTCG<\/strong>)<\/em><\/p>\n\n\n\n<p>Branislav Nenezi\u0107 from the European Union said that their support ranges between four and seven percent, but that he expects growth.<\/p>\n\n\n\n<p>\"Our idea is a non-partisan platform and we are still working on building a network. Citizens are not sufficiently informed about our program, but research shows a trend of growing support,\" said Nenezi\u0107.<\/p>\n\n\n\n<p>He added that the goal of the European Union is clear and unchanged.<\/p>\n\n\n\n<p>\"Since the 1990s, we have been advocating the same policy - Montenegro's membership in the European Union,\" he said.<\/p>\n\n\n\n<p>Nenezi\u0107, however, also pointed out a certain reserve among citizens.<\/p>\n\n\n\n<p>\"Citizens are skeptical when it comes to new increases and changes, especially due to inflation and strikes. Therefore, the survey results may not be a true measure of real sentiment,\" Nenezi\u0107 assessed.<\/p>","protected":false},"excerpt":{"rendered":"<p>Istra\u017eivanja javnog mnjenja vlast i opozicija razli\u010dito tuma\u010de &#8211; predstavnik vlasti Boris Pejovi\u0107 (PES) u emisiji &#8222;Argumenti&#8220; na Televiziji Crne Gore poru\u010duje da je najpouzdanije ono \u0161to gra\u0111ani ka\u017eu na dan izbora i da su istra\u017eivanja o rejtingu partija koja se urade prije toga razli\u010dita i ukazuju na ode\u0111ene trendove, dok predstavnik opozicionog DPS-a Abaz Dizdarevi\u0107 ka\u017ee da ta partija bilje\u017ei rast podr\u0161ke i da ostaju najja\u010da politi\u010dka grupacija, uprkos pritiscima na gra\u0111ane.<\/p>","protected":false},"author":14,"featured_media":964663,"comment_status":"open","ping_status":"open","sticky":false,"template":"","format":"standard","meta":{"_acf_changed":false,"footnotes":"","jetpack_publicize_message":"","jetpack_publicize_feature_enabled":true,"jetpack_social_post_already_shared":true,"jetpack_social_options":{"image_generator_settings":{"template":"highway","default_image_id":0,"font":"","enabled":false},"version":2}},"categories":[7],"tags":[19789,2390,88,1497,31798],"naslovna":[910],"class_list":["post-964662","post","type-post","status-publish","format-standard","has-post-thumbnail","hentry","category-politika","tag-abaz-dizdarevic","tag-boris-pejovic","tag-dps","tag-istrazivanje","tag-izborni-dan","naslovna-preporuceno"],"acf":[],"jetpack_publicize_connections":[],"_links":{"self":[{"href":"https:\/\/gradski.me\/en\/wp-json\/wp\/v2\/posts\/964662","targetHints":{"allow":["GET"]}}],"collection":[{"href":"https:\/\/gradski.me\/en\/wp-json\/wp\/v2\/posts"}],"about":[{"href":"https:\/\/gradski.me\/en\/wp-json\/wp\/v2\/types\/post"}],"author":[{"embeddable":true,"href":"https:\/\/gradski.me\/en\/wp-json\/wp\/v2\/users\/14"}],"replies":[{"embeddable":true,"href":"https:\/\/gradski.me\/en\/wp-json\/wp\/v2\/comments?post=964662"}],"version-history":[{"count":1,"href":"https:\/\/gradski.me\/en\/wp-json\/wp\/v2\/posts\/964662\/revisions"}],"predecessor-version":[{"id":964664,"href":"https:\/\/gradski.me\/en\/wp-json\/wp\/v2\/posts\/964662\/revisions\/964664"}],"wp:featuredmedia":[{"embeddable":true,"href":"https:\/\/gradski.me\/en\/wp-json\/wp\/v2\/media\/964663"}],"wp:attachment":[{"href":"https:\/\/gradski.me\/en\/wp-json\/wp\/v2\/media?parent=964662"}],"wp:term":[{"taxonomy":"category","embeddable":true,"href":"https:\/\/gradski.me\/en\/wp-json\/wp\/v2\/categories?post=964662"},{"taxonomy":"post_tag","embeddable":true,"href":"https:\/\/gradski.me\/en\/wp-json\/wp\/v2\/tags?post=964662"},{"taxonomy":"naslovna","embeddable":true,"href":"https:\/\/gradski.me\/en\/wp-json\/wp\/v2\/naslovna?post=964662"}],"curies":[{"name":"wp","href":"https:\/\/api.w.org\/{rel}","templated":true}]}}