{"id":964647,"date":"2026-04-30T20:56:00","date_gmt":"2026-04-30T18:56:00","guid":{"rendered":"https:\/\/gradski.me\/?p=964647"},"modified":"2026-04-30T20:30:04","modified_gmt":"2026-04-30T18:30:04","slug":"unija-slobodnih-sindikata-prvomajski-proglas","status":"publish","type":"post","link":"https:\/\/gradski.me\/en\/drustvo\/unija-slobodnih-sindikata-prvomajski-proglas\/","title":{"rendered":"Union of Free Trade Unions: May Day Proclamation"},"content":{"rendered":"<p><\/p>\n\n\n\n<p>Njihov prvomajski proglas objavljujemo integralno.<\/p>\n\n\n\n<p>&#8220;Na dana\u0161nji praznik odajemo po\u010dast radnicima i radnicama koji su podnijeli li\u010dnu \u017ertvu bore\u0107i se za utemeljenje, o\u010duvanje i unapre\u0111enje osnovnih radnih i sindikalnih prava i odajemo priznanje na\u0161im sindikalnim kolegama i koleginicama, radnicima i radnicama koji svojim sindikalnim anga\u017emanom i danas stoje na braniku radnih, ekonomskih, socijalnih i sindikalnih prava!<\/p>\n\n\n\n<p>Ove godine crnogorski radnici do\u010dekuju Praznik rada bez minimuma radnih i sindikalnih prava garantovanih Op\u0161tim kolektivnim ugovorom, do\u010dekuju praznik rada bez uve\u0107anih zarada, bez referentne ustanove koja utvr\u0111uje profesionalna oboljenja, bez podzakonskih akta koji su preduslov organizovanja \u0161trajka, bez podzakonskih akata koji defini\u0161u rad u vrijeme dr\u017eavnih i drugih praznika, bez prava na ograni\u010deno radno vrijeme i bez apsolutne slobode sindikalnog udru\u017eivanja i djelovanja. Danas kada je donosiocima odluka va\u017eno da pred evropskim partnerima predstave Crnu Goru kao lidera u ekonomskom rastu i lidera u socijalnom dijalogu, isti oni su odlu\u010dili da u predve\u010derje Me\u0111unarodnog praznika rada obustave socijalni dijalog i putem sredstava javnog informisanja poru\u010de zaposlenima da ne\u0107e biti pov\u0107enja zarada i da ne\u0107e potpisati novi Op\u0161ti kolektivni ugovor.<\/p>\n\n\n\n<p>Dok se vr\u0161e zna\u010dajna izdvajanja iz bud\u017eeta za nesigurne oblike rada poput ugovora o djelu i konsultantske usluge, zna\u010dajna izdvajanja za proma\u0161enu stambenu politiku koja prijeti da iseli ostatak stanovni\u0161tva sa sjevera umjesto da isti razvija, za nabavku novih luksuznih slu\u017ebenih vozila, za brojna slu\u017ebena putovanja, dok raste broj podstanara ali i broj gra\u0111ana\/ki koji napu\u0161taju Crnu Goru, Praznik rada do\u010dekujemo bez adekvatnog socijalnog dijaloga na nacionalnom nivou koji je preduslov mira, stabilnosti, socijalne pravde i vladavine prava.<\/p>\n\n\n\n<p>Na ovaj, za svijet rada, najzna\u010dajniji datum, podsje\u0107amo da javne politike moraju u fokusu imati \u010dovjeka, gra\u0111anina, da humanizacija rada predstavlja osnov za dru\u0161tveni napredak, da su radna i sindikalna prava osnovna ljudska prava, da nema ekonomskog rasta bez pravedne raspodjele i socijalnog mira bez socijalne pravde!<\/p>\n\n\n\n<p>USSCG \u0107e nastaviti da se kontinuirano i beskompromisno bori za unapre\u0111enje uslova za \u017eivot i rad zaposlenih i za stvaranje humanijeg i pravi\u010dnijeg dru\u0161tvenog ambijenta pozivaju\u0107i svoje \u010dlanstvo, ali i sve zaposlene, na solidarnost i jedinstvo uz podsje\u0107anje da su radna i sindikalna prava su univerzalna.&nbsp;<\/p>\n\n\n\n<p>Uvjereni&nbsp; u snagu socijalnog dijaloga, na Me\u0111unarodni dan rada pozivamo Vladu i socijalne partnere da u najkra\u0107em roku opet budemo za pregovara\u010dkim stolom i za dobrobit svih na\u0111emo najprihvatljivija rje\u0161enja kako u pogledu o\u010duvanja prava iz rada i po osnovu rada tako i u pogledu za\u0161tite \u017eivotnog standarda svh zaposlenih u Crnoj Gori.<\/p>\n\n\n\n<p>I ove godine, u susret Me\u0111unarodnom prazniku rad, USSCG je organizovala Prvomajsku sindikalnu akademiju koja je na jednom mjestu okupila socijalne partnere, predstavnike najvi\u0161ih dr\u017eavnih instanci, nevladinog sektora i medijskih poslenika, sa ciljem ukazivanja na zna\u010daj ovog praznika i zna\u010daj sindikalne, odnosno radni\u010dke borbe. Ove godine, u nimalo lakoj konkurenciji, Prvomajska sindikalna nagrada za najistaknutijeg sindikalnog aktivistu\/kinju pripala je kolegi Ivanu Vujovi\u0107u, predsjedniku Sindikalne organizacije EPCG &#8211; \u017deljezara Nik\u0161i\u0107, dok je je Prvomajska sindikalna nagrada za najistaknutiji sindikat\/sindikalnu organizaciju dodijeljena Sindikalnoj organizaciji Radio difuznog centra Crne Gore. USSCG im i ovom prilikom \u010destita na priznanju za doprinos koji su dali ukupnom sindikalnom pokretu i unapre\u0111enju radnih i sindikalnih prava njihovih \u010dlanova\/ca.\u201d<\/p>\n\n\n\n<p><strong>IZVR\u0160NI ODBOR USSCG<\/strong><\/p>","protected":false},"excerpt":{"rendered":"<p>Unija slobodnih sindikata Crne Gore \u010destitala je Prvi maj \u2013 Me\u0111unarodni praznik rada svim zaposlenima u Crnoj Gori. <\/p>","protected":false},"author":14,"featured_media":903383,"comment_status":"open","ping_status":"open","sticky":false,"template":"","format":"standard","meta":{"_acf_changed":false,"footnotes":"","jetpack_publicize_message":"","jetpack_publicize_feature_enabled":true,"jetpack_social_post_already_shared":true,"jetpack_social_options":{"image_generator_settings":{"template":"highway","default_image_id":0,"font":"","enabled":false},"version":2}},"categories":[9],"tags":[31794,7744],"naslovna":[],"class_list":["post-964647","post","type-post","status-publish","format-standard","has-post-thumbnail","hentry","category-drustvo","tag-prvomajski-proglas","tag-unija-slobodnih-sindikata-crne-gore"],"acf":[],"jetpack_publicize_connections":[],"_links":{"self":[{"href":"https:\/\/gradski.me\/en\/wp-json\/wp\/v2\/posts\/964647","targetHints":{"allow":["GET"]}}],"collection":[{"href":"https:\/\/gradski.me\/en\/wp-json\/wp\/v2\/posts"}],"about":[{"href":"https:\/\/gradski.me\/en\/wp-json\/wp\/v2\/types\/post"}],"author":[{"embeddable":true,"href":"https:\/\/gradski.me\/en\/wp-json\/wp\/v2\/users\/14"}],"replies":[{"embeddable":true,"href":"https:\/\/gradski.me\/en\/wp-json\/wp\/v2\/comments?post=964647"}],"version-history":[{"count":1,"href":"https:\/\/gradski.me\/en\/wp-json\/wp\/v2\/posts\/964647\/revisions"}],"predecessor-version":[{"id":964648,"href":"https:\/\/gradski.me\/en\/wp-json\/wp\/v2\/posts\/964647\/revisions\/964648"}],"wp:featuredmedia":[{"embeddable":true,"href":"https:\/\/gradski.me\/en\/wp-json\/wp\/v2\/media\/903383"}],"wp:attachment":[{"href":"https:\/\/gradski.me\/en\/wp-json\/wp\/v2\/media?parent=964647"}],"wp:term":[{"taxonomy":"category","embeddable":true,"href":"https:\/\/gradski.me\/en\/wp-json\/wp\/v2\/categories?post=964647"},{"taxonomy":"post_tag","embeddable":true,"href":"https:\/\/gradski.me\/en\/wp-json\/wp\/v2\/tags?post=964647"},{"taxonomy":"naslovna","embeddable":true,"href":"https:\/\/gradski.me\/en\/wp-json\/wp\/v2\/naslovna?post=964647"}],"curies":[{"name":"wp","href":"https:\/\/api.w.org\/{rel}","templated":true}]}}