{"id":964642,"date":"2026-04-30T20:14:46","date_gmt":"2026-04-30T18:14:46","guid":{"rendered":"https:\/\/gradski.me\/?p=964642"},"modified":"2026-04-30T20:46:15","modified_gmt":"2026-04-30T18:46:15","slug":"pocinje-rekonstrukcija-ulice-vojislava-grujica","status":"publish","type":"post","link":"https:\/\/gradski.me\/en\/podgorica\/pocinje-rekonstrukcija-ulice-vojislava-grujica\/","title":{"rendered":"Reconstruction of Vojislav Gruji\u0107a Street begins"},"content":{"rendered":"<p>Po\u010detak rekonstrukcije Ulice Vojislava Gruji\u0107a agencija je najavila na svojoj Instagram stranici.<\/p>\n\n\n\n<p>Predmet izvo\u0111enja radova je rekonstrukcija Ulice Vojislava Gruji\u0107a od raskrsnice sa Aerodromskom ulicom u du\u017eini od 214 metara. Ulica je \u0161irine pet metara sa obostranim trotoarima \u0161irine jedan metar, koja se mjestimi\u010dno smanjuje u zavisnosti od konkretnih terenskih uslova i izgra\u0111enih objekata.<\/p>\n\n\n\n<p>Od prate\u0107e komunalne infrastrukture planirana je izgradnja atmosferske kanalizacije, fekalne kanalizacije, vodovoda, kao i izgradnja tk kanalizacije, javne rasvjete i saobra\u0107ajne signalizacije.<\/p>\n\n\n\n<p>Podsjetimo, zbog izvo\u0111enja radova ulica je zatvorena za saobra\u0107aj za sve vrste motornih vozila do 4. juna 2026. godine.<\/p>","protected":false},"excerpt":{"rendered":"<p>Agencija za izgradnju i razvoj Podgorice najavila je po\u010detak izvo\u0111enja radova na rekonstrukciji Ulice Vojislava Gruji\u0107a, u zahvatu DUP-a \u201cKonik &#8211; Stari Aerodrom\u201d.<\/p>","protected":false},"author":13,"featured_media":964643,"comment_status":"open","ping_status":"open","sticky":false,"template":"","format":"standard","meta":{"_acf_changed":false,"footnotes":"","jetpack_publicize_message":"","jetpack_publicize_feature_enabled":true,"jetpack_social_post_already_shared":true,"jetpack_social_options":{"image_generator_settings":{"template":"highway","default_image_id":0,"font":"","enabled":false},"version":2}},"categories":[6],"tags":[5356,1480,13985],"naslovna":[908],"class_list":["post-964642","post","type-post","status-publish","format-standard","has-post-thumbnail","hentry","category-podgorica","tag-agencija-za-izgradnju-i-razvoj-podgorice","tag-rekonstrukcija","tag-ulica-vojislava-grujica","naslovna-izdvajamo"],"acf":[],"jetpack_publicize_connections":[],"_links":{"self":[{"href":"https:\/\/gradski.me\/en\/wp-json\/wp\/v2\/posts\/964642","targetHints":{"allow":["GET"]}}],"collection":[{"href":"https:\/\/gradski.me\/en\/wp-json\/wp\/v2\/posts"}],"about":[{"href":"https:\/\/gradski.me\/en\/wp-json\/wp\/v2\/types\/post"}],"author":[{"embeddable":true,"href":"https:\/\/gradski.me\/en\/wp-json\/wp\/v2\/users\/13"}],"replies":[{"embeddable":true,"href":"https:\/\/gradski.me\/en\/wp-json\/wp\/v2\/comments?post=964642"}],"version-history":[{"count":2,"href":"https:\/\/gradski.me\/en\/wp-json\/wp\/v2\/posts\/964642\/revisions"}],"predecessor-version":[{"id":964657,"href":"https:\/\/gradski.me\/en\/wp-json\/wp\/v2\/posts\/964642\/revisions\/964657"}],"wp:featuredmedia":[{"embeddable":true,"href":"https:\/\/gradski.me\/en\/wp-json\/wp\/v2\/media\/964643"}],"wp:attachment":[{"href":"https:\/\/gradski.me\/en\/wp-json\/wp\/v2\/media?parent=964642"}],"wp:term":[{"taxonomy":"category","embeddable":true,"href":"https:\/\/gradski.me\/en\/wp-json\/wp\/v2\/categories?post=964642"},{"taxonomy":"post_tag","embeddable":true,"href":"https:\/\/gradski.me\/en\/wp-json\/wp\/v2\/tags?post=964642"},{"taxonomy":"naslovna","embeddable":true,"href":"https:\/\/gradski.me\/en\/wp-json\/wp\/v2\/naslovna?post=964642"}],"curies":[{"name":"wp","href":"https:\/\/api.w.org\/{rel}","templated":true}]}}