{"id":964614,"date":"2026-04-30T21:24:00","date_gmt":"2026-04-30T19:24:00","guid":{"rendered":"https:\/\/gradski.me\/?p=964614"},"modified":"2026-04-30T20:47:07","modified_gmt":"2026-04-30T18:47:07","slug":"kotor-pojacane-kontrole-u-cilju-propisnog-parkiranja","status":"publish","type":"post","link":"https:\/\/gradski.me\/en\/drustvo\/kotor-pojacane-kontrole-u-cilju-propisnog-parkiranja\/","title":{"rendered":"Kotor: Increased controls for proper parking"},"content":{"rendered":"<p>Kako su najavili, u pitanju su taxi stajali\u0161ta iza Osnovnog suda, dostavna mjesta na Taba\u010dini, ozna\u010dena mjesta kod Lov\u0107en osiguranja, kao i obilje\u017eena taxi mjesta u \u0160kaljarima, na parkingu kod City marketa, u Risnu na Rivi i i na ostalim lokacijama.<\/p>\n\n\n\n<p>\u201cVr\u0161i\u0107e se i svakodnevne kontrole parking mjesta za vozila za lica sa invaliditetom, kao i autobuskih stajali\u0161ta za vozila za javni prevoz putnika. Ukoliko Komunalna policija konstatuje nepropisno parkiranje na rezervisanim parking mjestima za navedene korisnike, preduzima\u0107e mjere i radnje u skladu sa ovla\u0161\u0107enjima\u201d, kazali su iz Op\u0161tine Kotor.<\/p>","protected":false},"excerpt":{"rendered":"<p>Komunalna policija Op\u0161tine Kotor u narednom periodu vr\u0161i\u0107e poja\u010dan komunalni nadzor nepropisnog parkiranja, sa akcentom na mjesta obilje\u017eena za posebne korisnike, saop\u0161teno je iz te lokalne samouprave.<\/p>","protected":false},"author":13,"featured_media":964615,"comment_status":"open","ping_status":"open","sticky":false,"template":"","format":"standard","meta":{"_acf_changed":false,"footnotes":"","jetpack_publicize_message":"","jetpack_publicize_feature_enabled":true,"jetpack_social_post_already_shared":true,"jetpack_social_options":{"image_generator_settings":{"template":"highway","default_image_id":0,"font":"","enabled":false},"version":2}},"categories":[9],"tags":[3654,6177,4918],"naslovna":[],"class_list":["post-964614","post","type-post","status-publish","format-standard","has-post-thumbnail","hentry","category-drustvo","tag-komunalna-policija","tag-kontrole","tag-opstina-kotor"],"acf":[],"jetpack_publicize_connections":[],"_links":{"self":[{"href":"https:\/\/gradski.me\/en\/wp-json\/wp\/v2\/posts\/964614","targetHints":{"allow":["GET"]}}],"collection":[{"href":"https:\/\/gradski.me\/en\/wp-json\/wp\/v2\/posts"}],"about":[{"href":"https:\/\/gradski.me\/en\/wp-json\/wp\/v2\/types\/post"}],"author":[{"embeddable":true,"href":"https:\/\/gradski.me\/en\/wp-json\/wp\/v2\/users\/13"}],"replies":[{"embeddable":true,"href":"https:\/\/gradski.me\/en\/wp-json\/wp\/v2\/comments?post=964614"}],"version-history":[{"count":1,"href":"https:\/\/gradski.me\/en\/wp-json\/wp\/v2\/posts\/964614\/revisions"}],"predecessor-version":[{"id":964616,"href":"https:\/\/gradski.me\/en\/wp-json\/wp\/v2\/posts\/964614\/revisions\/964616"}],"wp:featuredmedia":[{"embeddable":true,"href":"https:\/\/gradski.me\/en\/wp-json\/wp\/v2\/media\/964615"}],"wp:attachment":[{"href":"https:\/\/gradski.me\/en\/wp-json\/wp\/v2\/media?parent=964614"}],"wp:term":[{"taxonomy":"category","embeddable":true,"href":"https:\/\/gradski.me\/en\/wp-json\/wp\/v2\/categories?post=964614"},{"taxonomy":"post_tag","embeddable":true,"href":"https:\/\/gradski.me\/en\/wp-json\/wp\/v2\/tags?post=964614"},{"taxonomy":"naslovna","embeddable":true,"href":"https:\/\/gradski.me\/en\/wp-json\/wp\/v2\/naslovna?post=964614"}],"curies":[{"name":"wp","href":"https:\/\/api.w.org\/{rel}","templated":true}]}}