{"id":964606,"date":"2026-04-30T18:40:54","date_gmt":"2026-04-30T16:40:54","guid":{"rendered":"https:\/\/gradski.me\/?p=964606"},"modified":"2026-04-30T18:40:56","modified_gmt":"2026-04-30T16:40:56","slug":"dragas-raduje-nas-veliko-interesovanje-za-projekte-u-oblasti-energetike","status":"publish","type":"post","link":"https:\/\/gradski.me\/en\/ekonomija\/dragas-raduje-nas-veliko-interesovanje-za-projekte-u-oblasti-energetike\/","title":{"rendered":"Dragash: We are pleased with the great interest in projects in the energy sector"},"content":{"rendered":"<p>\u201eForum je sve\u010dano otvoren obra\u0107anjima predsjednika Vlade Crne Gore Milojka Spaji\u0107a, ambasadora Japana u Crnoj Gori Naohira Tsutsumija, ministarke javnih radova Majde Ad\u017eovi\u0107, ministra energetike i rudarstva Admira \u0160ahmanovi\u0107a i predsjednika Japanske organizacije za spoljnu trgovinu (JETRO) Susumua Kataoke\u201c, saop\u0161teno je iz EPCG.<\/p>\n\n\n\n<p>U okviru zvani\u010dnog dijela programa, svoje razvojne projekte, pored izvr\u0161nog direktora EPCG Zdravka Draga\u0161a, prezentovali su i dr\u017eavna sekretarka ministarstva energetike Zorana Sekuli\u0107, direktor Rudnika uglja Nemanja Lakovi\u0107, direktor Luke Bar Deda \u0110elovi\u0107 te brojni drugi predstavnici crnogorskih i japanskih kompanija.<\/p>\n\n\n\n<p>\u201eTokom foruma organizovani su bilateralni biznis sastanci sa vi\u0161e od 30 vode\u0107ih japanskih kompanija i institucija, koje su iskazale interesovanje za razvoj projekata u oblasti energetike, infrastrukture, finansiranja i industrije\u201c, navodi se u saop\u0161tenju.<\/p>\n\n\n\n<p>Predstavnici Elektroprivrede Crne Gore, na \u010delu sa izvr\u0161nim direktorom Draga\u0161em, imali su priliku da razgovaraju sa potencijalnim partnerima o mogu\u0107nostima saradnje i ulaganja u energetski sektor.<\/p>\n\n\n\n<p>\u201eU\u010de\u0161\u0107e na Japan\u2013Montenegro Business Forumu predstavlja izuzetnu priliku za Elektroprivredu Crne Gore da dodatno oja\u010da me\u0111unarodnu saradnju i predstavi svoje razvojne potencijale relevantnim partnerima iz Japana. Posebno nas raduje veliko interesovanje za projekte u oblasti energetike, jer upravo kroz ovakve inicijative mo\u017eemo ubrzati energetsku tranziciju i realizaciju odr\u017eivih investicija. Vjerujemo da \u0107e kontakti i razgovori koje smo danas ostvarili rezultirati konkretnim partnerstvima koja \u0107e doprinijeti daljem razvoju energetskog sektora u Crnoj Gori\u201c, kazao je izvr\u0161ni direktor Zdravko Draga\u0161.<\/p>\n\n\n\n<p>U\u010de\u0161\u0107e EPCG na ovom doga\u0111aju predstavlja va\u017ean korak ka ja\u010danju me\u0111unarodne saradnje i privla\u010denju investicija, posebno u kontekstu energetske tranzicije i razvoja odr\u017eivih projekata u Crnoj Gori.<\/p>\n\n\n\n<p>\u201eElektroprivreda Crne Gore nastavi\u0107e aktivno da u\u010destvuje u inicijativama koje doprinose razvoju sektora i unapre\u0111enju partnerstava sa renomiranim me\u0111unarodnim kompanijama\u201c, zaklju\u010duje se u saop\u0161tenju.<\/p>","protected":false},"excerpt":{"rendered":"<p>Izvr\u0161ni direktor Elektroprivrede Crne Gore (EPCG) Zdravko Draga\u0161 u\u010destvovao je danas na Japan\u2013Montenegro Business Forumu koji je odr\u017ean u Podgorici, uz prisustvo brojnih predstavnika institucija, kompanija i finansijskih organizacija iz Japana i Crne Gore.<\/p>","protected":false},"author":13,"featured_media":964607,"comment_status":"open","ping_status":"open","sticky":false,"template":"","format":"standard","meta":{"_acf_changed":false,"footnotes":"","jetpack_publicize_message":"","jetpack_publicize_feature_enabled":true,"jetpack_social_post_already_shared":true,"jetpack_social_options":{"image_generator_settings":{"template":"highway","default_image_id":0,"font":"","enabled":false},"version":2}},"categories":[8],"tags":[31311,31789,14314],"naslovna":[],"class_list":["post-964606","post","type-post","status-publish","format-standard","has-post-thumbnail","hentry","category-ekonomija","tag-elektroprivreda-crne-gore","tag-japan-montenegro-business-forum","tag-zdravko-dragas"],"acf":[],"jetpack_publicize_connections":[],"_links":{"self":[{"href":"https:\/\/gradski.me\/en\/wp-json\/wp\/v2\/posts\/964606","targetHints":{"allow":["GET"]}}],"collection":[{"href":"https:\/\/gradski.me\/en\/wp-json\/wp\/v2\/posts"}],"about":[{"href":"https:\/\/gradski.me\/en\/wp-json\/wp\/v2\/types\/post"}],"author":[{"embeddable":true,"href":"https:\/\/gradski.me\/en\/wp-json\/wp\/v2\/users\/13"}],"replies":[{"embeddable":true,"href":"https:\/\/gradski.me\/en\/wp-json\/wp\/v2\/comments?post=964606"}],"version-history":[{"count":1,"href":"https:\/\/gradski.me\/en\/wp-json\/wp\/v2\/posts\/964606\/revisions"}],"predecessor-version":[{"id":964610,"href":"https:\/\/gradski.me\/en\/wp-json\/wp\/v2\/posts\/964606\/revisions\/964610"}],"wp:featuredmedia":[{"embeddable":true,"href":"https:\/\/gradski.me\/en\/wp-json\/wp\/v2\/media\/964607"}],"wp:attachment":[{"href":"https:\/\/gradski.me\/en\/wp-json\/wp\/v2\/media?parent=964606"}],"wp:term":[{"taxonomy":"category","embeddable":true,"href":"https:\/\/gradski.me\/en\/wp-json\/wp\/v2\/categories?post=964606"},{"taxonomy":"post_tag","embeddable":true,"href":"https:\/\/gradski.me\/en\/wp-json\/wp\/v2\/tags?post=964606"},{"taxonomy":"naslovna","embeddable":true,"href":"https:\/\/gradski.me\/en\/wp-json\/wp\/v2\/naslovna?post=964606"}],"curies":[{"name":"wp","href":"https:\/\/api.w.org\/{rel}","templated":true}]}}