{"id":964599,"date":"2026-04-30T18:20:00","date_gmt":"2026-04-30T16:20:00","guid":{"rendered":"https:\/\/gradski.me\/?p=964599"},"modified":"2026-04-30T18:15:41","modified_gmt":"2026-04-30T16:15:41","slug":"zelenski-produzio-ratno-stanje","status":"publish","type":"post","link":"https:\/\/gradski.me\/en\/svijet\/zelenski-produzio-ratno-stanje\/","title":{"rendered":"Zelensky extends martial law"},"content":{"rendered":"<p><\/p>\n\n\n\n<p>U dokumentu se navodi da zakon stupa na snagu u ponedjeljak, 4. maja.<\/p>\n\n\n\n<p>Ratno stanje i op\u0161ta mobilizacija uvedeni su u Ukrajini 24. februara 2022. godine, a od tada je taj re\u017eim produ\u017eavan u vi\u0161e navrata.<\/p>","protected":false},"excerpt":{"rendered":"<p>Predsjednik Ukrajine Vladimir Zelenski potpisao je zakon o produ\u017eenju ratnog stanja i op\u0161te mobilizacije do 2. avgusta, objavljeno je na internet stranici Vrhovne rade.<\/p>","protected":false},"author":14,"featured_media":915473,"comment_status":"open","ping_status":"open","sticky":false,"template":"","format":"standard","meta":{"_acf_changed":false,"footnotes":"","jetpack_publicize_message":"","jetpack_publicize_feature_enabled":true,"jetpack_social_post_already_shared":true,"jetpack_social_options":{"image_generator_settings":{"template":"highway","default_image_id":0,"font":"","enabled":false},"version":2}},"categories":[14],"tags":[31787,301],"naslovna":[],"class_list":["post-964599","post","type-post","status-publish","format-standard","has-post-thumbnail","hentry","category-svijet","tag-ratno-stanje","tag-volodimir-zelenski"],"acf":[],"jetpack_publicize_connections":[],"_links":{"self":[{"href":"https:\/\/gradski.me\/en\/wp-json\/wp\/v2\/posts\/964599","targetHints":{"allow":["GET"]}}],"collection":[{"href":"https:\/\/gradski.me\/en\/wp-json\/wp\/v2\/posts"}],"about":[{"href":"https:\/\/gradski.me\/en\/wp-json\/wp\/v2\/types\/post"}],"author":[{"embeddable":true,"href":"https:\/\/gradski.me\/en\/wp-json\/wp\/v2\/users\/14"}],"replies":[{"embeddable":true,"href":"https:\/\/gradski.me\/en\/wp-json\/wp\/v2\/comments?post=964599"}],"version-history":[{"count":1,"href":"https:\/\/gradski.me\/en\/wp-json\/wp\/v2\/posts\/964599\/revisions"}],"predecessor-version":[{"id":964600,"href":"https:\/\/gradski.me\/en\/wp-json\/wp\/v2\/posts\/964599\/revisions\/964600"}],"wp:featuredmedia":[{"embeddable":true,"href":"https:\/\/gradski.me\/en\/wp-json\/wp\/v2\/media\/915473"}],"wp:attachment":[{"href":"https:\/\/gradski.me\/en\/wp-json\/wp\/v2\/media?parent=964599"}],"wp:term":[{"taxonomy":"category","embeddable":true,"href":"https:\/\/gradski.me\/en\/wp-json\/wp\/v2\/categories?post=964599"},{"taxonomy":"post_tag","embeddable":true,"href":"https:\/\/gradski.me\/en\/wp-json\/wp\/v2\/tags?post=964599"},{"taxonomy":"naslovna","embeddable":true,"href":"https:\/\/gradski.me\/en\/wp-json\/wp\/v2\/naslovna?post=964599"}],"curies":[{"name":"wp","href":"https:\/\/api.w.org\/{rel}","templated":true}]}}