{"id":964585,"date":"2026-04-30T19:28:00","date_gmt":"2026-04-30T17:28:00","guid":{"rendered":"https:\/\/gradski.me\/?p=964585"},"modified":"2026-04-30T20:21:01","modified_gmt":"2026-04-30T18:21:01","slug":"video-cetinjanka-masa-vukicevic-nova-mis-crne-gore","status":"publish","type":"post","link":"https:\/\/gradski.me\/en\/zabava\/video-cetinjanka-masa-vukicevic-nova-mis-crne-gore\/","title":{"rendered":"(VIDEO) Miss Montenegro Pageant: Ma\u0161a Vuki\u0107evi\u0107 succeeds Andrea Nikoli\u0107"},"content":{"rendered":"<p>Na jubilarnom dvadesetom izboru za Mis Crne Gore, odr\u017eanom sino\u0107 u Be\u010di\u0107ima, predstavilo se 13 djevojaka, a stru\u010dni \u017eiri krunu najljep\u0161e dodijelio je Ma\u0161i Vuki\u0107evi\u0107.<\/p>\n\n\n\n<p>&#8220;Privilegija mi je \u0161to \u0107u mo\u0107i da predstavljam svoju zemlju onako naravno kako i dolikuje, da njegujemo na\u0161u trdiciju i kulturu\u201c, kazala nam je mis Crne Gore Ma\u0161a Vuki\u0107evi\u0107.<\/p>\n\n\n\n<p>Organizatori isti\u010du da odluka nije bila zasnovana samo na fizi\u010dkom izgledu, ve\u0107 i na obrazovanju i ukupnom utisku.<\/p>\n\n\n\n<p>&#8220;Sre\u0107na sam \u0161to smo izabrali devojku, Ma\u0161u sa Cetinja, koja mo\u017ee da nasledi na\u0161u Andreu Nikoli\u0107 koja je pokazala zaista maksimalno i znanje i upu\u0107enost i promociju titule Miss World Montenegro&#8217;, naglasila je vlasnica agencije \u201eMis Monte\u201c Vesna De Vin\u010da.<\/p>\n\n\n\n<p>&#8220;Ono \u0161to \u0107u uvijek ista\u0107i da osim te ljepote, koju prvo vidimo, jeste i ta kultura, znanje kojim treba da zra\u010di. Evo upravo sve \u0161to je i na\u0161a biv\u0161a misica Andrea istakla&#8220;, rekla je \u010dlanica \u017eirija Valentina Mitrovi\u0107.<\/p>\n\n\n\n<p>&nbsp;Iz Glavnog grada isti\u010du da su favoriti upravo takmi\u010darke iz Podgorice.<\/p>\n\n\n\n<p>&#8220;Za mene je ljepota kompletna slika jedne osobe, njen hod, njen glas, njeno znanje, njena sama pojava. Moj favorit je svakako jedna Podgori\u010danka&#8220;, otkrila je zamjenica gradona\u010delnika Podgorice Na\u0111a Ljiljani\u0107.<\/p>\n\n\n\n<p>Za prvu i drugu pratilju izabrane su Laura Brkovi\u0107 i Ina Radunovi\u0107, dok su posebna priznanja dodijeljena u vi\u0161e kategorija.<\/p>\n\n\n\n<p>Lijepa Cetinjanka predstavlja\u0107e Crnu Goru na jubilarnom 75. izboru za miss svijeta u Vijetnamu.<\/p>\n\n\n\n<figure class=\"wp-block-embed is-type-video is-provider-youtube wp-block-embed-youtube wp-embed-aspect-16-9 wp-has-aspect-ratio\"><div class=\"wp-block-embed__wrapper\">\n<iframe title=\"Cetinjanka Ma\u0161a Vuki\u0107evi\u0107 nova Mis Crne Gore\" width=\"800\" height=\"450\" src=\"https:\/\/www.youtube.com\/embed\/u0ftrqY2COk?feature=oembed\" frameborder=\"0\" allow=\"accelerometer; autoplay; clipboard-write; encrypted-media; gyroscope; picture-in-picture; web-share\" referrerpolicy=\"strict-origin-when-cross-origin\" allowfullscreen><\/iframe>\n<\/div><\/figure>","protected":false},"excerpt":{"rendered":"<p>Crna Gora dobila je novu misicu. Na jubilarnom dvadesetom izboru u Be\u010di\u0107ima titulu najljep\u0161e ponijela je Cetinjanka Ma\u0161a Vuki\u0107evi\u0107, koja \u0107e na\u0161u zemlju predstavljati na svjetskom takmi\u010denju u Vijetnamu.<\/p>","protected":false},"author":13,"featured_media":964586,"comment_status":"open","ping_status":"open","sticky":false,"template":"","format":"standard","meta":{"_acf_changed":false,"footnotes":"","jetpack_publicize_message":"","jetpack_publicize_feature_enabled":true,"jetpack_social_post_already_shared":true,"jetpack_social_options":{"image_generator_settings":{"template":"highway","default_image_id":0,"font":"","enabled":false},"version":2}},"categories":[12],"tags":[31724,31785,2268],"naslovna":[910],"class_list":["post-964585","post","type-post","status-publish","format-standard","has-post-thumbnail","hentry","category-zabava","tag-masa-vukicevic","tag-mis-crne-gore","tag-nadja-ljiljanic","naslovna-preporuceno"],"acf":[],"jetpack_publicize_connections":[],"_links":{"self":[{"href":"https:\/\/gradski.me\/en\/wp-json\/wp\/v2\/posts\/964585","targetHints":{"allow":["GET"]}}],"collection":[{"href":"https:\/\/gradski.me\/en\/wp-json\/wp\/v2\/posts"}],"about":[{"href":"https:\/\/gradski.me\/en\/wp-json\/wp\/v2\/types\/post"}],"author":[{"embeddable":true,"href":"https:\/\/gradski.me\/en\/wp-json\/wp\/v2\/users\/13"}],"replies":[{"embeddable":true,"href":"https:\/\/gradski.me\/en\/wp-json\/wp\/v2\/comments?post=964585"}],"version-history":[{"count":3,"href":"https:\/\/gradski.me\/en\/wp-json\/wp\/v2\/posts\/964585\/revisions"}],"predecessor-version":[{"id":964598,"href":"https:\/\/gradski.me\/en\/wp-json\/wp\/v2\/posts\/964585\/revisions\/964598"}],"wp:featuredmedia":[{"embeddable":true,"href":"https:\/\/gradski.me\/en\/wp-json\/wp\/v2\/media\/964586"}],"wp:attachment":[{"href":"https:\/\/gradski.me\/en\/wp-json\/wp\/v2\/media?parent=964585"}],"wp:term":[{"taxonomy":"category","embeddable":true,"href":"https:\/\/gradski.me\/en\/wp-json\/wp\/v2\/categories?post=964585"},{"taxonomy":"post_tag","embeddable":true,"href":"https:\/\/gradski.me\/en\/wp-json\/wp\/v2\/tags?post=964585"},{"taxonomy":"naslovna","embeddable":true,"href":"https:\/\/gradski.me\/en\/wp-json\/wp\/v2\/naslovna?post=964585"}],"curies":[{"name":"wp","href":"https:\/\/api.w.org\/{rel}","templated":true}]}}