{"id":964578,"date":"2026-04-30T17:33:53","date_gmt":"2026-04-30T15:33:53","guid":{"rendered":"https:\/\/gradski.me\/?p=964578"},"modified":"2026-04-30T17:33:54","modified_gmt":"2026-04-30T15:33:54","slug":"maticno-drustvo-bosnjackih-vijeca-prosireno-udruzenjem-turska-bosna-sandzak-iz-istanbula","status":"publish","type":"post","link":"https:\/\/gradski.me\/en\/drustvo\/maticno-drustvo-bosnjackih-vijeca-prosireno-udruzenjem-turska-bosna-sandzak-iz-istanbula\/","title":{"rendered":"The parent association of Bosniak councils expanded with the association \"Turkish Bosnia Sand\u017eak\" from Istanbul"},"content":{"rendered":"<p>Za predstavnike su imenovani Muhamed Sand\u017eaktar, predsjednik Udru\u017eenja, kao i \u010dlanovi Bajram Akgul i \u0160evki Balota.<\/p>\n\n\n\n<p>\u201eUdru\u017eenje Turska Bosna Sand\u017eak jedno je od najstarijih bo\u0161nja\u010dkih dru\u0161tava osnovanih u Turskoj, a za svoje zasluge u radu i djelovanju dodjeljen im je status organizacije od posebnog interesa od strane Vlade Republike Turske. Ovim \u010dinom i predstavnici Bo\u0161njaka u Turskoj, koji predstavljaju najmnogobrojniju \u2013 vi\u0161emilionsku zajednicu Bo\u0161njaka u iseljeni\u0161tvu, postali su dio prvog institucinalnog okupljanja Bo\u0161njaka\u201c, saop\u0161teno je iz Mati\u010dnog dru\u0161tva bo\u0161nja\u010dkih vije\u0107a.<\/p>\n\n\n\n<p>Na sjednici je zaklju\u010deno da je veoma va\u017eno da se pored bo\u0161nja\u010dkih vije\u0107a i organizacija iz Bosne i Hercegovine,&nbsp; Crne Gore, Srbije, Hrvatske, Sjeverne Makedonije, Slovenije, Austrije, SAD i Kanade, i Kosova, Mati\u010dnom dru\u0161tvu&nbsp; pridru\u017eila i relevantna bo\u0161nja\u010dka organizacija iz Republike Turske.<\/p>\n\n\n\n<p>Mati\u010dno dru\u0161tvo bo\u0161nja\u010dkih vije\u0107a je uspostavljeno krajem 2024. godine kao krovna asocijacija koja okuplja bo\u0161nja\u010dka vije\u0107a sa ciljem institucionalnog povezivanja i umre\u017eavanja radi o\u010duvanja identiteta, jezika i kulture, te podr\u0161ku zajedni\u010dkim projektima iz ovih oblasti.&nbsp; Stalni \u010dlanovi&nbsp; iz Crne Gore su Suljo Mustafi\u0107, koji je izabran za predsjednika Mati\u010dnog dru\u0161tva bo\u0161nja\u010dkih vije\u0107a, kao&nbsp; i Mirsad Rastoder i&nbsp; dr Sait \u0160aboti\u0107<\/p>\n\n\n\n<p>\u201eMati\u010dno dru\u0161tvo usvojilo je agendu odr\u017eavanja susreta \u010dlanica i \u010dlanova Mat\u010dnog dru\u0161tva u Sarajevu, koje se planira odr\u017eati 4-6 juna 2026. godine. Ovom prilkom planira se&nbsp; sastanak Mati\u010dnog dru\u0161tva sa predstavnicima Bo\u0161njaka u institucijama Bosne i Hercegovine, entiteta, Br\u010dko distrikta i kantona. Doma\u0107in susreta, u svojstvu koordinatora, bi\u0107e predsjedavaju\u0107i Doma naroda Parlamentarne skup\u0161tine Bosne i Hercegovine iz reda Bo\u0161njaka Kemal Ademovi\u0107. Tokom susreta u Sarajevu odr\u017ea\u0107e se okrugli sto u organzaciji Odbora za bosanski jezik i knji\u017eevnost Mati\u010dnog dru\u0161tva bo\u0161nja\u010dkih vije\u0107a\u201c, zaklju\u010duje se u saop\u0161tenju.<\/p>","protected":false},"excerpt":{"rendered":"<p>Mati\u010dno dru\u0161tvo bo\u0161nja\u010dkih vije\u0107a kojim predsjedava Suljo Mustafi\u0107, predsjednik Bo\u0161nja\u010dkog vije\u0107a u Crnoj Gori,  na svojoj redovnoj online sjednici primilo je kao punopravnog \u010dlana   Udru\u017eenje Turska Bosna Sand\u017eak \u010dije je sjedi\u0161te u Istanbulu.<\/p>","protected":false},"author":13,"featured_media":964579,"comment_status":"open","ping_status":"open","sticky":false,"template":"","format":"standard","meta":{"_acf_changed":false,"footnotes":"","jetpack_publicize_message":"","jetpack_publicize_feature_enabled":true,"jetpack_social_post_already_shared":true,"jetpack_social_options":{"image_generator_settings":{"template":"highway","default_image_id":0,"font":"","enabled":false},"version":2}},"categories":[9],"tags":[5934,80,31784],"naslovna":[],"class_list":["post-964578","post","type-post","status-publish","format-standard","has-post-thumbnail","hentry","category-drustvo","tag-istanbul","tag-maticno-drustvo-bosnjackih-vijeca","tag-udruzenje-turska-bosna-sandzak"],"acf":[],"jetpack_publicize_connections":[],"_links":{"self":[{"href":"https:\/\/gradski.me\/en\/wp-json\/wp\/v2\/posts\/964578","targetHints":{"allow":["GET"]}}],"collection":[{"href":"https:\/\/gradski.me\/en\/wp-json\/wp\/v2\/posts"}],"about":[{"href":"https:\/\/gradski.me\/en\/wp-json\/wp\/v2\/types\/post"}],"author":[{"embeddable":true,"href":"https:\/\/gradski.me\/en\/wp-json\/wp\/v2\/users\/13"}],"replies":[{"embeddable":true,"href":"https:\/\/gradski.me\/en\/wp-json\/wp\/v2\/comments?post=964578"}],"version-history":[{"count":1,"href":"https:\/\/gradski.me\/en\/wp-json\/wp\/v2\/posts\/964578\/revisions"}],"predecessor-version":[{"id":964582,"href":"https:\/\/gradski.me\/en\/wp-json\/wp\/v2\/posts\/964578\/revisions\/964582"}],"wp:featuredmedia":[{"embeddable":true,"href":"https:\/\/gradski.me\/en\/wp-json\/wp\/v2\/media\/964579"}],"wp:attachment":[{"href":"https:\/\/gradski.me\/en\/wp-json\/wp\/v2\/media?parent=964578"}],"wp:term":[{"taxonomy":"category","embeddable":true,"href":"https:\/\/gradski.me\/en\/wp-json\/wp\/v2\/categories?post=964578"},{"taxonomy":"post_tag","embeddable":true,"href":"https:\/\/gradski.me\/en\/wp-json\/wp\/v2\/tags?post=964578"},{"taxonomy":"naslovna","embeddable":true,"href":"https:\/\/gradski.me\/en\/wp-json\/wp\/v2\/naslovna?post=964578"}],"curies":[{"name":"wp","href":"https:\/\/api.w.org\/{rel}","templated":true}]}}