{"id":964575,"date":"2026-04-30T19:00:00","date_gmt":"2026-04-30T17:00:00","guid":{"rendered":"https:\/\/gradski.me\/?p=964575"},"modified":"2026-04-30T17:33:12","modified_gmt":"2026-04-30T15:33:12","slug":"prodavnice-nece-raditi-tri-dana","status":"publish","type":"post","link":"https:\/\/gradski.me\/en\/drustvo\/prodavnice-nece-raditi-tri-dana\/","title":{"rendered":"Shops will be closed for three days"},"content":{"rendered":"<p>Oni su podsjetili sve privredne subjekte koji obavljaju djelatnost trgovine na veliko i malo da su du\u017eni da po\u0161tuju odredbe \u010dlana 35b Zakona o unutra\u0161njoj trgovini (\u201eSlu\u017ebeni list CG\u201c, br. 49\/08, 40\/11, 38\/19, 84\/24 i 21\/26), kojim je propisano da se trgovina na veliko i malo ne mo\u017ee obavljati nedjeljom, kao ni u dane dr\u017eavnih i drugih praznika utvr\u0111enih zakonom.<\/p>\n\n\n\n<p>\u201eIzuzetno, trgovina se mo\u017ee obavljati u sljede\u0107im objektima: apotekama; specijalizovanim prodavnicama ili kioscima za prodaju hljeba, pekarskih proizvoda i kola\u010da, cvije\u0107a, suvenira, \u0161tampe, sredstava za za\u0161titu bilja i pogrebne opreme; benzinskim stanicama sa prate\u0107im sadr\u017eajima; pijacama; \u0161tandovima, tezgama, vitrinama i automatima izvan pijaca i pokretnim prodavnicama; prodavnicama, kioscima i automatima smje\u0161tenim unutar zatvorenih podru\u010dja autobuskih i \u017eeljezni\u010dkih stanica, aerodroma i luka; \u0161tandovima i kioscima u kojime se prodaju robe za vrijeme odr\u017eavanja priredbi, festivala i manifestacija, sajmova i za vrijeme javnog&nbsp; prikazivanja kinematografskih djela; skladi\u0161tima za trgovinu na veliko\u201c, naveli su.<\/p>\n\n\n\n<p>Specijalizovanim prodavnicama ili kioscima, u smislu ovog zakona, smatraju se prodavnice odnosno kiosci u kojima se vr\u0161i prodaja prete\u017eno jedne vrste robe.<\/p>\n\n\n\n<p>\u201eUpozoravamo i apelujemo na sve subjekte na koje se odnosi navedeno ograni\u010denje da postupaju u skladu sa navedenim propisima, kako bi izbjegli preduzimanje upravnih mjera od strane nadle\u017enog organa \u2013 Ministarstva ekonomskog razvoja, putem Direkcije za tr\u017ei\u0161nu inspekciju, uklju\u010duju\u0107i i izricanje nov\u010danih kazni. Podsje\u0107amo da \u0107e, u skladu sa \u010dlanom 42 stav 3 Zakona o unutra\u0161njoj trgovini, ukoliko trgovac obavlja djelatnost suprotno \u010dlanu 35b istog Zakona, inspektor zatvoriti prodajni objekat ili drugo prodajno mjesto za vremenski period u kojem rad nije dozvoljen. Pozivamo privredne subjekte da dosljednim po\u0161tovanjem zakonskih obaveza doprinesu njihovoj punoj primjeni. Direkcija za tr\u017ei\u0161nu inspekciju \u0107e tokom prazni\u010dnih dana vr\u0161iti poja\u010dan nadzor nad primjenom navedenih odredbi Zakona o unutra\u0161njoj trgovini\u201c, zaklju\u010dili su iz Ministarstva.<\/p>","protected":false},"excerpt":{"rendered":"<p>Povodom obilje\u017eavanja Praznika rada, neradni dani bi\u0107e petak, 1. maj i subota, 2. maj, kazali su iz Ministarstva ekonomskog razvoja.<\/p>","protected":false},"author":13,"featured_media":494035,"comment_status":"open","ping_status":"open","sticky":false,"template":"","format":"standard","meta":{"_acf_changed":false,"footnotes":"","jetpack_publicize_message":"","jetpack_publicize_feature_enabled":true,"jetpack_social_post_already_shared":true,"jetpack_social_options":{"image_generator_settings":{"template":"highway","default_image_id":0,"font":"","enabled":false},"version":2}},"categories":[9],"tags":[5265,31728,12368],"naslovna":[],"class_list":["post-964575","post","type-post","status-publish","format-standard","has-post-thumbnail","hentry","category-drustvo","tag-ministarstvo-ekonomskog-razvoja","tag-praznik-rada","tag-prodavnice"],"acf":[],"jetpack_publicize_connections":[],"_links":{"self":[{"href":"https:\/\/gradski.me\/en\/wp-json\/wp\/v2\/posts\/964575","targetHints":{"allow":["GET"]}}],"collection":[{"href":"https:\/\/gradski.me\/en\/wp-json\/wp\/v2\/posts"}],"about":[{"href":"https:\/\/gradski.me\/en\/wp-json\/wp\/v2\/types\/post"}],"author":[{"embeddable":true,"href":"https:\/\/gradski.me\/en\/wp-json\/wp\/v2\/users\/13"}],"replies":[{"embeddable":true,"href":"https:\/\/gradski.me\/en\/wp-json\/wp\/v2\/comments?post=964575"}],"version-history":[{"count":1,"href":"https:\/\/gradski.me\/en\/wp-json\/wp\/v2\/posts\/964575\/revisions"}],"predecessor-version":[{"id":964576,"href":"https:\/\/gradski.me\/en\/wp-json\/wp\/v2\/posts\/964575\/revisions\/964576"}],"wp:featuredmedia":[{"embeddable":true,"href":"https:\/\/gradski.me\/en\/wp-json\/wp\/v2\/media\/494035"}],"wp:attachment":[{"href":"https:\/\/gradski.me\/en\/wp-json\/wp\/v2\/media?parent=964575"}],"wp:term":[{"taxonomy":"category","embeddable":true,"href":"https:\/\/gradski.me\/en\/wp-json\/wp\/v2\/categories?post=964575"},{"taxonomy":"post_tag","embeddable":true,"href":"https:\/\/gradski.me\/en\/wp-json\/wp\/v2\/tags?post=964575"},{"taxonomy":"naslovna","embeddable":true,"href":"https:\/\/gradski.me\/en\/wp-json\/wp\/v2\/naslovna?post=964575"}],"curies":[{"name":"wp","href":"https:\/\/api.w.org\/{rel}","templated":true}]}}