{"id":964571,"date":"2026-04-30T18:34:00","date_gmt":"2026-04-30T16:34:00","guid":{"rendered":"https:\/\/gradski.me\/?p=964571"},"modified":"2026-04-30T17:04:47","modified_gmt":"2026-04-30T15:04:47","slug":"kalas-ne-bismo-se-trebali-ponizavati-moleci-rusiju-za-pregovore","status":"publish","type":"post","link":"https:\/\/gradski.me\/en\/svijet\/kalas-ne-bismo-se-trebali-ponizavati-moleci-rusiju-za-pregovore\/","title":{"rendered":"Kalas: We should not humiliate ourselves by asking Russia for negotiations"},"content":{"rendered":"<p><\/p>\n\n\n\n<p>Na pitanje novinara reskira li Evropa vlastite interese ne upu\u0161taju\u0107i se u dijalog s Rusijom dok ga Sjedinjene Dr\u017eave vode, Kalas je odgovorila kako trenutno ne vidi znake da je Rusija spremna na smislene razgovore te da ih zato Evropljani ne bi trebali tra\u017eiti.<\/p>\n\n\n\n<p>&#8222;Ne bismo se trebali poni\u017eavati i biti ti koji mole: &#8216;Molimo vas, preklinjemo vas, razgovarajte s nama&#8217;. Umjesto toga, trebamo ih dovesti u polo\u017eaj u kojem \u0107e s glumljenja pregovora pre\u0107i na stvarne pregovore&#8220;, rekla je Kalas nakon sastanka Nordijsko-balti\u010dke osmorke (NB8).<\/p>\n\n\n\n<p>Najavila je da \u0107e se ministri vanjskih poslova EU-a sastati na Kipru kako bi razgovarali o zahtjevima koje \u0107e blok postaviti Rusiji u vezi s okon\u010danjem rata protiv Ukrajine.<\/p>\n\n\n\n<p>&#8222;Na Kipru planiramo s ministrima vanjskih poslova Evropske unije razgovarati o tome kakvo je na\u0161e vi\u0111enje i koji su na\u0161i zahtjevi prema Rusiji nakon zavr\u0161etka ovog rata. Cilj je osigurati da Rusija vi\u0161e ne predstavlja prijetnju ni jednoj od ovih zemalja ni Evropi u cjelini, jer je to bio problem. Zato se, prije nego \u0161to s njima razgovaramo, moramo zaista dogovoriti o \u010demu \u017eelimo razgovarati&#8220;, pojasnila je.<\/p>\n\n\n\n<h3 class=\"wp-block-heading\">Stav suprotan estonskom predsjedniku<\/h3>\n\n\n\n<p>Ova izjava dolazi nakon \u0161to je estonski predsjednik Alar Karis poru\u010dio da bi evropske zemlje ve\u0107 trebale planirati svoje djelovanje za razdoblje nakon zavr\u0161etka ruskog rata protiv Ukrajine, kao i model odnosa s Rusijom, jer bi se to moglo dogoditi brzo i neo\u010dekivano.<\/p>\n\n\n\n<p>Karis je tako\u0111e iznio mi\u0161ljenje da je Evropa pogrije\u0161ila \u0161to je propustila priliku za pokretanje mirovnih pregovora s Rusijom na samom po\u010detku rata, nakon prvog klju\u010dnog uspjeha Ukrajine u odbrani Kijeva.<\/p>\n\n\n\n<p>Zbog tih je izjava estonski predsjednik bio kritikovan od strane dijela tamo\u0161njih politi\u010dara. Estonski ministar vanjskih poslova Margus Tsahna rekao je da se Karisov stav protivi vanjskoj politici zemlje.<\/p>","protected":false},"excerpt":{"rendered":"<p>Visoka predstavnica EU za vanjske poslove i bezbjednosnu politiku Kaja Kalas smatra da bi evropske zemlje trebale prisiliti Rusiju na istinski dijalog o miru, umjesto da je mole za pregovore, pi\u0161e\u00a0Ukrainska Pravda.<\/p>","protected":false},"author":14,"featured_media":926854,"comment_status":"open","ping_status":"open","sticky":false,"template":"","format":"standard","meta":{"_acf_changed":false,"footnotes":"","jetpack_publicize_message":"","jetpack_publicize_feature_enabled":true,"jetpack_social_post_already_shared":true,"jetpack_social_options":{"image_generator_settings":{"template":"highway","default_image_id":0,"font":"","enabled":false},"version":2}},"categories":[14],"tags":[4659,18126,213,18],"naslovna":[],"class_list":["post-964571","post","type-post","status-publish","format-standard","has-post-thumbnail","hentry","category-svijet","tag-kaja-kalas","tag-ponizavanje","tag-pregovori","tag-rusija"],"acf":[],"jetpack_publicize_connections":[],"_links":{"self":[{"href":"https:\/\/gradski.me\/en\/wp-json\/wp\/v2\/posts\/964571","targetHints":{"allow":["GET"]}}],"collection":[{"href":"https:\/\/gradski.me\/en\/wp-json\/wp\/v2\/posts"}],"about":[{"href":"https:\/\/gradski.me\/en\/wp-json\/wp\/v2\/types\/post"}],"author":[{"embeddable":true,"href":"https:\/\/gradski.me\/en\/wp-json\/wp\/v2\/users\/14"}],"replies":[{"embeddable":true,"href":"https:\/\/gradski.me\/en\/wp-json\/wp\/v2\/comments?post=964571"}],"version-history":[{"count":1,"href":"https:\/\/gradski.me\/en\/wp-json\/wp\/v2\/posts\/964571\/revisions"}],"predecessor-version":[{"id":964572,"href":"https:\/\/gradski.me\/en\/wp-json\/wp\/v2\/posts\/964571\/revisions\/964572"}],"wp:featuredmedia":[{"embeddable":true,"href":"https:\/\/gradski.me\/en\/wp-json\/wp\/v2\/media\/926854"}],"wp:attachment":[{"href":"https:\/\/gradski.me\/en\/wp-json\/wp\/v2\/media?parent=964571"}],"wp:term":[{"taxonomy":"category","embeddable":true,"href":"https:\/\/gradski.me\/en\/wp-json\/wp\/v2\/categories?post=964571"},{"taxonomy":"post_tag","embeddable":true,"href":"https:\/\/gradski.me\/en\/wp-json\/wp\/v2\/tags?post=964571"},{"taxonomy":"naslovna","embeddable":true,"href":"https:\/\/gradski.me\/en\/wp-json\/wp\/v2\/naslovna?post=964571"}],"curies":[{"name":"wp","href":"https:\/\/api.w.org\/{rel}","templated":true}]}}