{"id":964557,"date":"2026-04-30T17:55:00","date_gmt":"2026-04-30T15:55:00","guid":{"rendered":"https:\/\/gradski.me\/?p=964557"},"modified":"2026-04-30T16:48:38","modified_gmt":"2026-04-30T14:48:38","slug":"dusan-banicevic-stize-u-primorac","status":"publish","type":"post","link":"https:\/\/gradski.me\/en\/sport\/dusan-banicevic-stize-u-primorac\/","title":{"rendered":"Du\u0161an Bani\u0107evi\u0107 arrives in Primorac"},"content":{"rendered":"<p>As reported by the water polo portal \"So Polo\", he is coming to Kotor&nbsp;<strong>Dusan Banicevic<\/strong>, former Montenegro national team player.<\/p>\n\n\n\n<p>He is currently wearing a cap.&nbsp;<strong>Panathinaikos<\/strong>, and plays the center position.<\/p>\n\n\n\n<p>Bani\u0107evi\u0107 thus decided to return to the Montenegrin football team after five seasons.<\/p>\n\n\n\n<p>It originated in&nbsp;<strong>Jadran M: Body<\/strong>, for whom he played until 2021.&nbsp;<\/p>\n\n\n\n<p>He then played for the Spanish<strong>&nbsp;Sabadell, Spandau 04<\/strong>&nbsp;(Germany) and&nbsp;<strong>Adriatic<\/strong>&nbsp;from Split.<\/p>","protected":false},"excerpt":{"rendered":"<p>After Nemanja Ubovi\u0107, Primorac has completed another signing for next season.<\/p>","protected":false},"author":6,"featured_media":964560,"comment_status":"open","ping_status":"open","sticky":false,"template":"","format":"standard","meta":{"_acf_changed":false,"footnotes":"","jetpack_publicize_message":"","jetpack_publicize_feature_enabled":true,"jetpack_social_post_already_shared":true,"jetpack_social_options":{"image_generator_settings":{"template":"highway","default_image_id":0,"font":"","enabled":false},"version":2}},"categories":[15],"tags":[22278,508],"naslovna":[],"class_list":["post-964557","post","type-post","status-publish","format-standard","has-post-thumbnail","hentry","category-sport","tag-dusan-banicevic","tag-vpk-primorac"],"acf":[],"jetpack_publicize_connections":[],"_links":{"self":[{"href":"https:\/\/gradski.me\/en\/wp-json\/wp\/v2\/posts\/964557","targetHints":{"allow":["GET"]}}],"collection":[{"href":"https:\/\/gradski.me\/en\/wp-json\/wp\/v2\/posts"}],"about":[{"href":"https:\/\/gradski.me\/en\/wp-json\/wp\/v2\/types\/post"}],"author":[{"embeddable":true,"href":"https:\/\/gradski.me\/en\/wp-json\/wp\/v2\/users\/6"}],"replies":[{"embeddable":true,"href":"https:\/\/gradski.me\/en\/wp-json\/wp\/v2\/comments?post=964557"}],"version-history":[{"count":1,"href":"https:\/\/gradski.me\/en\/wp-json\/wp\/v2\/posts\/964557\/revisions"}],"predecessor-version":[{"id":964558,"href":"https:\/\/gradski.me\/en\/wp-json\/wp\/v2\/posts\/964557\/revisions\/964558"}],"wp:featuredmedia":[{"embeddable":true,"href":"https:\/\/gradski.me\/en\/wp-json\/wp\/v2\/media\/964560"}],"wp:attachment":[{"href":"https:\/\/gradski.me\/en\/wp-json\/wp\/v2\/media?parent=964557"}],"wp:term":[{"taxonomy":"category","embeddable":true,"href":"https:\/\/gradski.me\/en\/wp-json\/wp\/v2\/categories?post=964557"},{"taxonomy":"post_tag","embeddable":true,"href":"https:\/\/gradski.me\/en\/wp-json\/wp\/v2\/tags?post=964557"},{"taxonomy":"naslovna","embeddable":true,"href":"https:\/\/gradski.me\/en\/wp-json\/wp\/v2\/naslovna?post=964557"}],"curies":[{"name":"wp","href":"https:\/\/api.w.org\/{rel}","templated":true}]}}