{"id":964479,"date":"2026-04-30T17:38:00","date_gmt":"2026-04-30T15:38:00","guid":{"rendered":"https:\/\/gradski.me\/?p=964479"},"modified":"2026-04-30T16:31:39","modified_gmt":"2026-04-30T14:31:39","slug":"nova-akropola-podgorica-obiljezila-10-godina-postojanja","status":"publish","type":"post","link":"https:\/\/gradski.me\/en\/kultura\/nova-akropola-podgorica-obiljezila-10-godina-postojanja\/","title":{"rendered":"Nova Akropola Podgorica celebrates 10 years of existence"},"content":{"rendered":"<p>Doga\u0111aj je okupio \u010dlanove, saradnike i goste koji su imali priliku da se osvrnu na desetogodi\u0161nji rad \u0161kole filozofije, kroz niz kulturnih, edukativnih i volonterskih aktivnosti koje su obilje\u017eile djelovanje ove organizacije u glavnom gradu.<\/p>\n\n\n\n<p>Program je otvoren uvodnim obra\u0107anjem voditelja podru\u017enice, nakon \u010dega je poseban segment ve\u010deri bio posve\u0107en temi stoicizma i ulozi pojedinca u izgradnji zajednice, uz umjetni\u010dki program o caru filozofu Marku Aureliju, koji je dodatno obogatio doga\u0111aj. Na samom kraju prikazan je kratki film o najzna\u010dajnijim inicijativama i projektima realizovanim tokom protekle decenije.<\/p>\n\n\n\n<p>Voditelj podru\u017enice Patrik Milo\u0161evi\u0107 naglasio je najva\u017eniju ulogu filozofije \u2013 onu prakti\u010dnu kroz koju mo\u017eemo da se razvijamo kao ljudsko bi\u0107e i tako doprinosimo dru\u0161tvu kroz razvoj li\u010dne odgovornosti.<\/p>\n\n\n\n<p>\u201eUpravo zato \u0161to ova vremena trebaju aktivne ljude, zato \u0161to ne smijemo \u017eivjeti kao posmatra\u010di, ne smijemo biti pasivni, ne smijemo dopustiti da se stvari samo doga\u0111aju dok ih mi posmatramo sa strane. Moramo u\u0107i u doga\u0111anja, biti njihov dio; filozofija nam poma\u017ee da osjetimo da na\u0161e vrijeme pripada nama, bez obzira je li to vrijeme dobro ili lo\u0161e. Ovo je na\u0161e vrijeme, i u ovom vremenu treba djelovati. Upravo zato djelujemo filozofskim kriterijumom, kriterijumom Nove Akropole, \u0161kole filozofije koja promovi\u0161e kulturu i djeluje volonterski\u201c, zaklju\u010dio je Milo\u0161evi\u0107.<\/p>\n\n\n\n<p>Nova Akropola je me\u0111unarodna organizacija prisutna u vi\u0161e od 60 zemalja svijeta, koja promovi\u0161e filozofiju kao na\u010din \u017eivota zasnovan na prakti\u010dnom znanju, etici i li\u010dnom razvoju. Djeluje kroz tri klju\u010dna podru\u010dja: filozofiju, kulturu i volonterizam, organizuju\u0107i kurseve, predavanja, seminare, kulturne programe i dru\u0161tveno korisne akcije. Osnovana je u Argentini, 1957. godine, a njen osniva\u010d je profesor Horhe Anhel Livraga Rici.<\/p>\n\n\n\n<p>Tokom proteklih 10 godina kroz aktivnosti Nove Akropole (Kurs prakti\u010dne filozofije, Kurs retorike, Seminar iz psihologije, predavanja, radionice, ekolo\u0161ke i humanitarne volonterske akcije, razli\u010diti umjetni\u010dki programi&#8230;) pro\u0161lo je oko 2000 gra\u0111ana Crne Gore.<\/p>\n\n\n\n<p>Nova Akropola predstavni\u0161tvo Podgorica nastavi\u0107e da i u narednom periodu razvija svoje obrazovne, kulturne i volonterske aktivnosti, ostaju\u0107i posve\u0107ena izgradnji boljeg pojedinca i humanijeg dru\u0161tva.<\/p>","protected":false},"excerpt":{"rendered":"<p>Kulturno udru\u017eenje Nova Akropola predstavni\u0161tvo Podgorica obilje\u017eilo je 28. aprila deceniju rada sve\u010danim programom pod nazivom \u201eKosmopolitizam stoika u srcu Podgorice \u2013 Bolji \u010dovjek za bolji grad\u201c, odr\u017eanim u prostorijama organizacije u Bal\u0161i\u0107a ulici.<\/p>","protected":false},"author":13,"featured_media":964481,"comment_status":"open","ping_status":"open","sticky":false,"template":"","format":"standard","meta":{"_acf_changed":false,"footnotes":"","jetpack_publicize_message":"","jetpack_publicize_feature_enabled":true,"jetpack_social_post_already_shared":true,"jetpack_social_options":{"image_generator_settings":{"template":"highway","default_image_id":0,"font":"","enabled":false},"version":2}},"categories":[11],"tags":[4038,31769,31770],"naslovna":[],"class_list":["post-964479","post","type-post","status-publish","format-standard","has-post-thumbnail","hentry","category-kultura","tag-jubilej","tag-nova-akropola-podgorica","tag-svecani-program"],"acf":[],"jetpack_publicize_connections":[],"_links":{"self":[{"href":"https:\/\/gradski.me\/en\/wp-json\/wp\/v2\/posts\/964479","targetHints":{"allow":["GET"]}}],"collection":[{"href":"https:\/\/gradski.me\/en\/wp-json\/wp\/v2\/posts"}],"about":[{"href":"https:\/\/gradski.me\/en\/wp-json\/wp\/v2\/types\/post"}],"author":[{"embeddable":true,"href":"https:\/\/gradski.me\/en\/wp-json\/wp\/v2\/users\/13"}],"replies":[{"embeddable":true,"href":"https:\/\/gradski.me\/en\/wp-json\/wp\/v2\/comments?post=964479"}],"version-history":[{"count":1,"href":"https:\/\/gradski.me\/en\/wp-json\/wp\/v2\/posts\/964479\/revisions"}],"predecessor-version":[{"id":964482,"href":"https:\/\/gradski.me\/en\/wp-json\/wp\/v2\/posts\/964479\/revisions\/964482"}],"wp:featuredmedia":[{"embeddable":true,"href":"https:\/\/gradski.me\/en\/wp-json\/wp\/v2\/media\/964481"}],"wp:attachment":[{"href":"https:\/\/gradski.me\/en\/wp-json\/wp\/v2\/media?parent=964479"}],"wp:term":[{"taxonomy":"category","embeddable":true,"href":"https:\/\/gradski.me\/en\/wp-json\/wp\/v2\/categories?post=964479"},{"taxonomy":"post_tag","embeddable":true,"href":"https:\/\/gradski.me\/en\/wp-json\/wp\/v2\/tags?post=964479"},{"taxonomy":"naslovna","embeddable":true,"href":"https:\/\/gradski.me\/en\/wp-json\/wp\/v2\/naslovna?post=964479"}],"curies":[{"name":"wp","href":"https:\/\/api.w.org\/{rel}","templated":true}]}}