{"id":964477,"date":"2026-04-30T15:30:00","date_gmt":"2026-04-30T13:30:00","guid":{"rendered":"https:\/\/gradski.me\/?p=964477"},"modified":"2026-04-30T15:35:33","modified_gmt":"2026-04-30T13:35:33","slug":"niksic-procesuirano-vise-lica-zbog-krivicnih-djela-i-prekrsaja-zaplijenjena-veca-kolicina-bespravno-posjecenog-drveta","status":"publish","type":"post","link":"https:\/\/gradski.me\/en\/hronika\/niksic-procesuirano-vise-lica-zbog-krivicnih-djela-i-prekrsaja-zaplijenjena-veca-kolicina-bespravno-posjecenog-drveta\/","title":{"rendered":"Nik\u0161i\u0107: Several people prosecuted for criminal offenses and misdemeanors, large quantity of illegally cut wood seized"},"content":{"rendered":"<p><\/p>\n\n\n\n<p>\"Thus, during April, a series of joint, coordinated activities were carried out, within which a large number of freight vehicles and drivers were inspected, as well as visits to locations where illegal forest exploitation was recorded,\" the UP stated.<\/p>\n\n\n\n<p>They point out that during a targeted control carried out in the town of Orah, a person named VT (58) from Nik\u0161i\u0107 was controlled, during which it was determined that the named person had illegally cut down domestic firewood in a state forest. By order of the state prosecutor at the Basic State Prosecutor's Office in Nik\u0161i\u0107, criminal charges will be filed against VT on suspicion of committing the criminal offense of forest theft.<\/p>\n\n\n\n<p>\"In one of the inspections conducted, in the town of Kunovo, a cargo motor vehicle driven by NB (55) from Nik\u0161i\u0107 was inspected. On that occasion, it was determined that the named person was transporting a certain amount of domestic firewood without the necessary documentation. The forestry inspection issued him a misdemeanor order, imposing a fine of 1,000 euros, for committing a misdemeanor under Article 89, paragraph 1 of the Forestry Law,\" the UP emphasized.<\/p>\n\n\n\n<figure class=\"wp-block-image size-large\"><img fetchpriority=\"high\" decoding=\"async\" width=\"595\" height=\"1024\" src=\"https:\/\/gradski.me\/wp-content\/uploads\/2026\/04\/nk-akcija-595x1024.webp\" alt=\"\" class=\"wp-image-964489\" title=\"\" srcset=\"https:\/\/gradski.me\/wp-content\/uploads\/2026\/04\/nk-akcija-595x1024.webp 595w, https:\/\/gradski.me\/wp-content\/uploads\/2026\/04\/nk-akcija-174x300.webp 174w, https:\/\/gradski.me\/wp-content\/uploads\/2026\/04\/nk-akcija-7x12.webp 7w, https:\/\/gradski.me\/wp-content\/uploads\/2026\/04\/nk-akcija.webp 744w\" sizes=\"(max-width: 595px) 100vw, 595px\" \/><\/figure>\n\n\n\n<p>Also, they add, within the framework of the above activities in Nik\u0161i\u0107, a control of a freight motor vehicle driven by MT (35) from Nik\u0161i\u0107 was carried out. On that occasion, it was determined that the named person was transporting domestic firewood without the necessary documentation, for which reason the vehicle was temporarily seized from him and handed over to the Forestry Administration for further jurisdiction. At the same time, the forestry inspection issued him a misdemeanor order, imposing a fine of 1,000 euros, for committing a misdemeanor under Article 89, paragraph 1 of the Forestry Law.<\/p>\n\n\n\n<p>\"Officers of the Regional Security Center \"West\", in cooperation with competent authorities and inspections, continue with intensive controls and increased field activities until the end of the heating season, taking measures to suppress illegal forest exploitation and other illegal activities in forestry, as well as to detect and prevent criminal acts in the field of environmental crime, with the aim of protecting forest resources,\" the Police Directorate concluded in a statement.<\/p>","protected":false},"excerpt":{"rendered":"<p>Officers of the Nik\u0161i\u0107 Security Department, in cooperation with the Forestry Administration - Nik\u0161i\u0107 Regional Unit and the Forestry Inspection, are continuously conducting an operational action codenamed \"Ogrijev\", aimed at combating illegal logging and illegal trade in wood products, as well as detecting and preventing criminal acts in the field of environmental crime, the Police Directorate announced.<\/p>","protected":false},"author":14,"featured_media":964485,"comment_status":"open","ping_status":"open","sticky":false,"template":"","format":"standard","meta":{"_acf_changed":false,"footnotes":"","jetpack_publicize_message":"","jetpack_publicize_feature_enabled":true,"jetpack_social_post_already_shared":true,"jetpack_social_options":{"image_generator_settings":{"template":"highway","default_image_id":0,"font":"","enabled":false},"version":2}},"categories":[10],"tags":[31771,9693,258,6682],"naslovna":[908],"class_list":["post-964477","post","type-post","status-publish","format-standard","has-post-thumbnail","hentry","category-hronika","tag-bespravno-posjeceno-drvo","tag-krivicna-djela","tag-niksic","tag-prekrsaji","naslovna-izdvajamo"],"acf":[],"jetpack_publicize_connections":[],"_links":{"self":[{"href":"https:\/\/gradski.me\/en\/wp-json\/wp\/v2\/posts\/964477","targetHints":{"allow":["GET"]}}],"collection":[{"href":"https:\/\/gradski.me\/en\/wp-json\/wp\/v2\/posts"}],"about":[{"href":"https:\/\/gradski.me\/en\/wp-json\/wp\/v2\/types\/post"}],"author":[{"embeddable":true,"href":"https:\/\/gradski.me\/en\/wp-json\/wp\/v2\/users\/14"}],"replies":[{"embeddable":true,"href":"https:\/\/gradski.me\/en\/wp-json\/wp\/v2\/comments?post=964477"}],"version-history":[{"count":1,"href":"https:\/\/gradski.me\/en\/wp-json\/wp\/v2\/posts\/964477\/revisions"}],"predecessor-version":[{"id":964490,"href":"https:\/\/gradski.me\/en\/wp-json\/wp\/v2\/posts\/964477\/revisions\/964490"}],"wp:featuredmedia":[{"embeddable":true,"href":"https:\/\/gradski.me\/en\/wp-json\/wp\/v2\/media\/964485"}],"wp:attachment":[{"href":"https:\/\/gradski.me\/en\/wp-json\/wp\/v2\/media?parent=964477"}],"wp:term":[{"taxonomy":"category","embeddable":true,"href":"https:\/\/gradski.me\/en\/wp-json\/wp\/v2\/categories?post=964477"},{"taxonomy":"post_tag","embeddable":true,"href":"https:\/\/gradski.me\/en\/wp-json\/wp\/v2\/tags?post=964477"},{"taxonomy":"naslovna","embeddable":true,"href":"https:\/\/gradski.me\/en\/wp-json\/wp\/v2\/naslovna?post=964477"}],"curies":[{"name":"wp","href":"https:\/\/api.w.org\/{rel}","templated":true}]}}