{"id":964416,"date":"2026-04-30T15:42:00","date_gmt":"2026-04-30T13:42:00","guid":{"rendered":"https:\/\/gradski.me\/?p=964416"},"modified":"2026-04-30T14:33:53","modified_gmt":"2026-04-30T12:33:53","slug":"radojevic-u-jugoslaviji-nije-bilo-radnickih-protesta-jer-su-vlasnici-preduzeca-bili-radnici","status":"publish","type":"post","link":"https:\/\/gradski.me\/en\/drustvo\/radojevic-u-jugoslaviji-nije-bilo-radnickih-protesta-jer-su-vlasnici-preduzeca-bili-radnici\/","title":{"rendered":"Radojevi\u0107: There were no workers' protests in Yugoslavia because the owners of the companies were the workers"},"content":{"rendered":"<p><\/p>\n\n\n\n<p><\/p>\n\n\n\n<p><\/p>\n\n\n\n<p>Kako poru\u010duju, kako da protestuje radnik protiv radnika, protiv sebe.<\/p>\n\n\n\n<p>\u201cPredsjednik saveza organizacije boraca NOR-a&nbsp;<strong>Radojica Radojevi\u0107<\/strong>, nekada u\u010desnik 14 saveznih radnih akcija i poznati omladinski aktivista iz tog vremena, ka\u017ee da je Praznik rada nekad bio jedan od najzna\u010dajnijih datuma u godini. Bilo je to, kako isti\u010de, vrijeme slavlja i veselja, uranaka i parada\u201d, pi\u0161e u saop\u0161tenju.<\/p>\n\n\n\n<p>Dodaje da se na\u017ealost, danas za ve\u0107inu Prvi maj sveo na ro\u0161tiljanje i slobodan dan.<\/p>\n\n\n\n<p>U nekada\u0161njoj Jugoslaviji, naro\u010dito odmah poslije Drugog svjetskog rata, odr\u017eavane su brojne prvomajske parade vojnog i civilnog karaktera. Naj\u010de\u0161\u0107e su odr\u017eavane po gradovima u na\u0161oj<br>republici, a centralna u Podgorici. Sve bi po\u010dinjalo tradicionalnim prvomajskim urankom uz muziku lokalnog gradskog orkestra. Vatrama na brdima iznad grada, paradama sportista, poljoprivrednika, radnika i udarnika, masovnim odlascima na obli\u017enja izleti\u0161ta, posebno na brdu Gorica, bogatom trpezom, pjesmom i muzikom, titogradski radnici su do prije tridesetak godina tako slavili Praznik rada\u201d, kazao je Radojevi\u0107.<\/p>\n\n\n\n<p>Dodaje da su to bili i va\u0161ari i porodi\u010dni izleti, na kojima su \u010dlanovi familija radnika upoznavali i predstavnike fabri\u010dkog rukovodstva. Dru\u017eili smo se, zbli\u017eavali, igrali i pjevali, pa i zaljubljivali se.<\/p>\n\n\n\n<p>\u201cA onda je uslijedila tranzicija i sa njom, umjesto radni\u010dke pjesme, ponovo su se \u010duli vapaji za one tri \u201c\u010dika\u0161ke osmice\u201d iz 1886.\u201d,&nbsp; kazao je Radojevi\u0107.<\/p>\n\n\n\n<p>Dodaje da nam ostaje samo da ka\u017eemo \u201cnekad bilo\u201d.<\/p>\n\n\n\n<p>On isti\u010de da prvomajska slavlja nije organizovala partija, nego sindikati i Savez socijalisti\u010dke omladine.<\/p>\n\n\n\n<p>\u201cDanas se mnoge stvari izvr\u0107u i ismijavaju. Tada su se njegovale druga\u010dije vrijednosti \u2013 po\u0161tenje, solidarnost i kolektivni duh, promovisali se i nagra\u0111ivali dobri radnici, a za Prvi maj su se otvarale nove fabrike i pogoni. U to vrijeme nije bilo radni\u010dkh protesta, jer je cijelo dru\u0161tvo po\u010divalo na dru\u0161tvenom vlasni\u0161tvu i samoupravljanju, a fabrikama su upravljali radnici u radni\u010dkim savjetima. U biv\u0161oj Jugoslaviji nije bilo radni\u010dkih protesta, jer su vlasnici preduze\u0107a bili radnici. Kako da protestuje radnik protiv radnika, protiv sebe? A danas smo do\u0161li u situaciju da se ponovo borimo za one tri osmice iz 1886., kada su radnici na protestu u \u010cikagu, 1.maja, tra\u017eili osam sati rada, osam sati odmora i osam sati kulture i obrazovanja\u201d, konstatuje Radojevi\u0107.<\/p>\n\n\n\n<p>On dodaje da je to bilo vrijeme kolektivnog duha, koje je danas nezamislivo i ve\u0107ini neshvatljivo.<\/p>\n\n\n\n<p>U saop\u0161tenju se navadi da i na kraju svim \u010dlanovima i po\u0161tovaocima SOBNOR-a Crne Gore, a posebno antifa\u0161istima i svim onim koji slijede \u010dasne tradicije na\u0161e slavne NOB-e, kao i svim na\u0161im po\u0161tovaocima od Triglava pa do \u0110ev\u0111elije, koji po\u0161tuju na\u0161u revoluciju \u010destitamo 1. Maj me\u0111unarodni praznik rada .<\/p>\n\n\n\n<p>\u201cOvaj praznik predstavlja dan solidarnosti radnih ljudi cijelog svijeta i opominje da postoji veliki broj ljudi koji ne mogu ostvariti jedno od osnovnih ljudskih prava-pravo na rad, uz \u017eelju da marljiv radnik koji temeljito, odgovorno i profesionalno obavlja svoj posao uvijek bude mjerilo vrijednosti, na\u0161im \u010dlanovima i gra\u0111anima upu\u0107ujemo srda\u010dnu \u010destitku povodom 1. maja \u2013 Me\u0111unarodnog praznika rada, u Podgorici, 30.04.2026.\u201d, zaklju\u010duje se u saop\u0161tenju.<\/p>","protected":false},"excerpt":{"rendered":"<p>U biv\u0161oj Jugoslaviji nije bilo radni\u010dkih protesta jer su vlasnici preduze\u0107a bili radnici, saop\u0161tili su iz Saveza organizacija boraca NOR-a Crne Gore (SOBNOR-a).<\/p>","protected":false},"author":7,"featured_media":964418,"comment_status":"open","ping_status":"open","sticky":false,"template":"","format":"standard","meta":{"_acf_changed":false,"footnotes":"","jetpack_publicize_message":"","jetpack_publicize_feature_enabled":true,"jetpack_social_post_already_shared":true,"jetpack_social_options":{"image_generator_settings":{"template":"highway","default_image_id":0,"font":"","enabled":false},"version":2}},"categories":[9],"tags":[15824,210],"naslovna":[],"class_list":["post-964416","post","type-post","status-publish","format-standard","has-post-thumbnail","hentry","category-drustvo","tag-radojevic","tag-subnor"],"acf":[],"jetpack_publicize_connections":[],"_links":{"self":[{"href":"https:\/\/gradski.me\/en\/wp-json\/wp\/v2\/posts\/964416","targetHints":{"allow":["GET"]}}],"collection":[{"href":"https:\/\/gradski.me\/en\/wp-json\/wp\/v2\/posts"}],"about":[{"href":"https:\/\/gradski.me\/en\/wp-json\/wp\/v2\/types\/post"}],"author":[{"embeddable":true,"href":"https:\/\/gradski.me\/en\/wp-json\/wp\/v2\/users\/7"}],"replies":[{"embeddable":true,"href":"https:\/\/gradski.me\/en\/wp-json\/wp\/v2\/comments?post=964416"}],"version-history":[{"count":1,"href":"https:\/\/gradski.me\/en\/wp-json\/wp\/v2\/posts\/964416\/revisions"}],"predecessor-version":[{"id":964419,"href":"https:\/\/gradski.me\/en\/wp-json\/wp\/v2\/posts\/964416\/revisions\/964419"}],"wp:featuredmedia":[{"embeddable":true,"href":"https:\/\/gradski.me\/en\/wp-json\/wp\/v2\/media\/964418"}],"wp:attachment":[{"href":"https:\/\/gradski.me\/en\/wp-json\/wp\/v2\/media?parent=964416"}],"wp:term":[{"taxonomy":"category","embeddable":true,"href":"https:\/\/gradski.me\/en\/wp-json\/wp\/v2\/categories?post=964416"},{"taxonomy":"post_tag","embeddable":true,"href":"https:\/\/gradski.me\/en\/wp-json\/wp\/v2\/tags?post=964416"},{"taxonomy":"naslovna","embeddable":true,"href":"https:\/\/gradski.me\/en\/wp-json\/wp\/v2\/naslovna?post=964416"}],"curies":[{"name":"wp","href":"https:\/\/api.w.org\/{rel}","templated":true}]}}