{"id":964410,"date":"2026-04-30T15:30:00","date_gmt":"2026-04-30T13:30:00","guid":{"rendered":"https:\/\/gradski.me\/?p=964410"},"modified":"2026-04-30T14:27:25","modified_gmt":"2026-04-30T12:27:25","slug":"krstovic-opet-dobija-novog-trenera","status":"publish","type":"post","link":"https:\/\/gradski.me\/en\/sport\/krstovic-opet-dobija-novog-trenera\/","title":{"rendered":"Krstovi\u0107 gets a new coach again?"},"content":{"rendered":"<p><\/p>\n\n\n\n<p><\/p>\n\n\n\n<p><\/p>\n\n\n\n<p>Kada je ljetos stigao u Bergamo do\u010dekao ga je Igor Juri\u0107, njega je potom naslijedio Rafaele Paladino, a \u201cboginja\u201d sada razmatra da se rastane i sa biv\u0161im \u0161efom stru\u010dnog \u0161taba Fiorentine i Monce.<\/p>\n\n\n\n<p>Naime, u klubu vi\u0161e nisu sigurni da je Paladino pravi \u010dovjek nakon slabih rezultata u posljednje vrijeme.<\/p>\n\n\n\n<p>Vjerovalo se da je preporodio ekipu, rezultati su to govorili, ali Atalanta je sve dalje od plasmana u evropska takmi\u010denja, a pro\u0161le sedmice ie ispala i iz Kupa Italije, gdje je u polufinalu bolji bio Lacio.<\/p>\n\n\n\n<p>Paladino \u0107e svakako ostati trener do kraja sezone, a kao potencijalni kandidati da ga naslijede se pominju Fabio Groso (Sasuolo), Vin\u0107enco Italijano (Bolonja) i Mauricio Sari (Lacio).<\/p>","protected":false},"excerpt":{"rendered":"<p>Nikola Krstovi\u0107 bi za manje od godinu mogao da dobije i tre\u0107eg trenera u Atalanti.<\/p>","protected":false},"author":7,"featured_media":958573,"comment_status":"open","ping_status":"open","sticky":false,"template":"","format":"standard","meta":{"_acf_changed":false,"footnotes":"","jetpack_publicize_message":"","jetpack_publicize_feature_enabled":true,"jetpack_social_post_already_shared":true,"jetpack_social_options":{"image_generator_settings":{"template":"highway","default_image_id":0,"font":"","enabled":false},"version":2}},"categories":[15],"tags":[223,31759],"naslovna":[],"class_list":["post-964410","post","type-post","status-publish","format-standard","has-post-thumbnail","hentry","category-sport","tag-fudbal","tag-kalco"],"acf":[],"jetpack_publicize_connections":[],"_links":{"self":[{"href":"https:\/\/gradski.me\/en\/wp-json\/wp\/v2\/posts\/964410","targetHints":{"allow":["GET"]}}],"collection":[{"href":"https:\/\/gradski.me\/en\/wp-json\/wp\/v2\/posts"}],"about":[{"href":"https:\/\/gradski.me\/en\/wp-json\/wp\/v2\/types\/post"}],"author":[{"embeddable":true,"href":"https:\/\/gradski.me\/en\/wp-json\/wp\/v2\/users\/7"}],"replies":[{"embeddable":true,"href":"https:\/\/gradski.me\/en\/wp-json\/wp\/v2\/comments?post=964410"}],"version-history":[{"count":1,"href":"https:\/\/gradski.me\/en\/wp-json\/wp\/v2\/posts\/964410\/revisions"}],"predecessor-version":[{"id":964411,"href":"https:\/\/gradski.me\/en\/wp-json\/wp\/v2\/posts\/964410\/revisions\/964411"}],"wp:featuredmedia":[{"embeddable":true,"href":"https:\/\/gradski.me\/en\/wp-json\/wp\/v2\/media\/958573"}],"wp:attachment":[{"href":"https:\/\/gradski.me\/en\/wp-json\/wp\/v2\/media?parent=964410"}],"wp:term":[{"taxonomy":"category","embeddable":true,"href":"https:\/\/gradski.me\/en\/wp-json\/wp\/v2\/categories?post=964410"},{"taxonomy":"post_tag","embeddable":true,"href":"https:\/\/gradski.me\/en\/wp-json\/wp\/v2\/tags?post=964410"},{"taxonomy":"naslovna","embeddable":true,"href":"https:\/\/gradski.me\/en\/wp-json\/wp\/v2\/naslovna?post=964410"}],"curies":[{"name":"wp","href":"https:\/\/api.w.org\/{rel}","templated":true}]}}