{"id":964408,"date":"2026-04-30T14:25:31","date_gmt":"2026-04-30T12:25:31","guid":{"rendered":"https:\/\/gradski.me\/?p=964408"},"modified":"2026-04-30T14:25:42","modified_gmt":"2026-04-30T12:25:42","slug":"uhapsena-drzavljanka-kosova-pronadjena-falsifikovana-licna-karta-republike-srbije","status":"publish","type":"post","link":"https:\/\/gradski.me\/en\/hronika\/uhapsena-drzavljanka-kosova-pronadjena-falsifikovana-licna-karta-republike-srbije\/","title":{"rendered":"Kosovo citizen arrested: Forged ID card of the Republic of Serbia found"},"content":{"rendered":"<p><\/p>\n\n\n\n<p><\/p>\n\n\n\n<p><\/p>\n\n\n\n<p>&#8222;Prilikom vr\u0161enja grani\u010dnih provjera, policijski slu\u017ebenici posumnjali su u vjerodostojnost i ispravnost li\u010dne karte, zbog \u010dega je izvr\u0161ena detaljna kontrola, kojom je utvr\u0111eno da se radi o falsifikovanom dokumentu.<\/p>\n\n\n\n<p>Daljom kontrolom i sprovedenom kriminalisti\u010dkom obradom utvr\u0111eno je da je B.M. zapravo dr\u017eavljanka Kosova, te da je, kako se sumnja, navedenu falsifikovanu li\u010dnu kartu Republike Srbije pribavila za iznos od 170 eura.<\/p>\n\n\n\n<p>Nakon prikupljenih obavje\u0161tenja, B.M. je, po nalogu dr\u017eavnog tu\u017eioca u Osnovnom dr\u017eavnom tu\u017eila\u0161tvu u Nik\u0161i\u0107u, li\u0161ena slobode zbog sumnje da je po\u010dinila krivi\u010dno djelo falsifikovanja isprave&#8220;, kazali su u saop\u0161tenju.<\/p>","protected":false},"excerpt":{"rendered":"<p>Slu\u017ebenici Regionalnog centra grani\u010dne policije \u201eCentar\u201c su na zajedni\u010dkom grani\u010dnom prelazu Vra\u0107enovi\u0107i\u2013Deleu\u0161a, prilikom poku\u0161aja ulaska u Crnu Goru, kao saputnicu u vozilu kontrolisali lice B.M. (33), koja je na uvid dala li\u010dnu kartu izdatu od strane Republike Srbije, saop\u0161teno je iz Uprave policije.<\/p>","protected":false},"author":7,"featured_media":939322,"comment_status":"open","ping_status":"open","sticky":false,"template":"","format":"standard","meta":{"_acf_changed":false,"footnotes":"","jetpack_publicize_message":"","jetpack_publicize_feature_enabled":true,"jetpack_social_post_already_shared":true,"jetpack_social_options":{"image_generator_settings":{"template":"highway","default_image_id":0,"font":"","enabled":false},"version":2}},"categories":[10],"tags":[174,30089],"naslovna":[],"class_list":["post-964408","post","type-post","status-publish","format-standard","has-post-thumbnail","hentry","category-hronika","tag-policija","tag-vracenovici"],"acf":[],"jetpack_publicize_connections":[],"_links":{"self":[{"href":"https:\/\/gradski.me\/en\/wp-json\/wp\/v2\/posts\/964408","targetHints":{"allow":["GET"]}}],"collection":[{"href":"https:\/\/gradski.me\/en\/wp-json\/wp\/v2\/posts"}],"about":[{"href":"https:\/\/gradski.me\/en\/wp-json\/wp\/v2\/types\/post"}],"author":[{"embeddable":true,"href":"https:\/\/gradski.me\/en\/wp-json\/wp\/v2\/users\/7"}],"replies":[{"embeddable":true,"href":"https:\/\/gradski.me\/en\/wp-json\/wp\/v2\/comments?post=964408"}],"version-history":[{"count":1,"href":"https:\/\/gradski.me\/en\/wp-json\/wp\/v2\/posts\/964408\/revisions"}],"predecessor-version":[{"id":964409,"href":"https:\/\/gradski.me\/en\/wp-json\/wp\/v2\/posts\/964408\/revisions\/964409"}],"wp:featuredmedia":[{"embeddable":true,"href":"https:\/\/gradski.me\/en\/wp-json\/wp\/v2\/media\/939322"}],"wp:attachment":[{"href":"https:\/\/gradski.me\/en\/wp-json\/wp\/v2\/media?parent=964408"}],"wp:term":[{"taxonomy":"category","embeddable":true,"href":"https:\/\/gradski.me\/en\/wp-json\/wp\/v2\/categories?post=964408"},{"taxonomy":"post_tag","embeddable":true,"href":"https:\/\/gradski.me\/en\/wp-json\/wp\/v2\/tags?post=964408"},{"taxonomy":"naslovna","embeddable":true,"href":"https:\/\/gradski.me\/en\/wp-json\/wp\/v2\/naslovna?post=964408"}],"curies":[{"name":"wp","href":"https:\/\/api.w.org\/{rel}","templated":true}]}}