{"id":964404,"date":"2026-04-30T14:21:50","date_gmt":"2026-04-30T12:21:50","guid":{"rendered":"https:\/\/gradski.me\/?p=964404"},"modified":"2026-04-30T14:22:01","modified_gmt":"2026-04-30T12:22:01","slug":"adzovic-japan-pouzdan-partner-cije-kompanije-i-institucije-donose-visok-nivo-znanja","status":"publish","type":"post","link":"https:\/\/gradski.me\/en\/politika\/adzovic-japan-pouzdan-partner-cije-kompanije-i-institucije-donose-visok-nivo-znanja\/","title":{"rendered":"Ad\u017eovi\u0107: Japan is a reliable partner whose companies and institutions bring a high level of knowledge"},"content":{"rendered":"<p><\/p>\n\n\n\n<p><\/p>\n\n\n\n<p>Japansko-crnogorski biznis forum, koji je okupio predstavnike institucija i privrede dvije zemlje, sa ciljem ja\u010danja ekonomske saradnje i unapre\u0111enja investicionih veza izme\u0111u Crne Gore i Japana or\u017ean je danas u Podgorici.<\/p>\n\n\n\n<p>Kako je saop\u0161tilo Ministarstvo javnih radova MJR, Forum je organizovan na inicijativu i kao nastavak aktivnosti nakon posjete premijera&nbsp;<strong>Milojko Spaji\u0107<\/strong>&nbsp;Japanu.<\/p>\n\n\n\n<p>\u201cDoga\u0111aj je okupio vi\u0161e od 30 japanskih i preko 40 crnogorskih kompanija, koje su imale priliku da razmijene iskustva i razmotre mogu\u0107nosti za konkretnu saradnju\u201d, navodi se u saop\u0161tenju.<\/p>\n\n\n\n<p>Obra\u0107aju\u0107i se prisutnima, ministarka javnih radova<strong>&nbsp;Majda Adzovic<\/strong>&nbsp;istakla je da Vlada Crne Gore sna\u017eno radi na stvaranju stabilnog i predvidivog investicionog ambijenta, uz poseban fokus na infrastrukturne i energetske projekte.<\/p>\n\n\n\n<p>\u201cAd\u017eovi\u0107 je naglasila da Crna Gora prepoznaje Japan kao pouzdanog partnera, \u010dije kompanije i institucije donose visok nivo znanja, tehnologije i dugoro\u010dnog pristupa, u skladu sa standardima koje dr\u017eava uspostavlja kroz svoj razvojni i evropski put\u201d, dodaje se u saop\u0161tenju.<\/p>\n\n\n\n<p>Tako\u0111e, ministarka Ad\u017eovi\u0107 poru\u010dila je da ovaj forum nije zami\u0161ljen kao formalni doga\u0111aj, ve\u0107 kao radna platforma usmjerena na konkretne rezultate, uz o\u010dekivanje da se zapo\u010deti razgovori preto\u010de u jasne naredne korake i konkretne oblike saradnje, uz kontinuiranu podr\u0161ku institucija u fazi implementacije.<\/p>\n\n\n\n<p>\u201cOcijenjeno je da Forum predstavlja va\u017ean korak ka daljem ja\u010danju odnosa izme\u0111u dvije zemlje, uz obostranu spremnost da se otvoreni dijalog nastavi i u narednom periodu kroz konkretne oblike saradnje\u201d, zaklju\u010duje se u saop\u0161tenju.<\/p>","protected":false},"excerpt":{"rendered":"<p>Japansko-crnogorski biznis forum, koji je okupio predstavnike institucija i privrede dvije zemlje, sa ciljem ja\u010danja ekonomske saradnje i unapre\u0111enja investicionih veza izme\u0111u Crne Gore i Japana or\u017ean je danas u Podgorici. Kako je saop\u0161tilo Ministarstvo javnih radova MJR, Forum je organizovan na inicijativu i kao nastavak aktivnosti nakon posjete premijera&nbsp;Milojka Spaji\u0107a&nbsp;Japanu. \u201cDoga\u0111aj je okupio vi\u0161e [&hellip;]<\/p>\n","protected":false},"author":7,"featured_media":964405,"comment_status":"open","ping_status":"open","sticky":false,"template":"","format":"standard","meta":{"_acf_changed":false,"footnotes":"","jetpack_publicize_message":"","jetpack_publicize_feature_enabled":true,"jetpack_social_post_already_shared":true,"jetpack_social_options":{"image_generator_settings":{"template":"highway","default_image_id":0,"font":"","enabled":false},"version":2}},"categories":[7],"tags":[17,590],"naslovna":[],"class_list":["post-964404","post","type-post","status-publish","format-standard","has-post-thumbnail","hentry","category-politika","tag-japan","tag-majda-adzovic"],"acf":[],"jetpack_publicize_connections":[],"_links":{"self":[{"href":"https:\/\/gradski.me\/en\/wp-json\/wp\/v2\/posts\/964404","targetHints":{"allow":["GET"]}}],"collection":[{"href":"https:\/\/gradski.me\/en\/wp-json\/wp\/v2\/posts"}],"about":[{"href":"https:\/\/gradski.me\/en\/wp-json\/wp\/v2\/types\/post"}],"author":[{"embeddable":true,"href":"https:\/\/gradski.me\/en\/wp-json\/wp\/v2\/users\/7"}],"replies":[{"embeddable":true,"href":"https:\/\/gradski.me\/en\/wp-json\/wp\/v2\/comments?post=964404"}],"version-history":[{"count":1,"href":"https:\/\/gradski.me\/en\/wp-json\/wp\/v2\/posts\/964404\/revisions"}],"predecessor-version":[{"id":964406,"href":"https:\/\/gradski.me\/en\/wp-json\/wp\/v2\/posts\/964404\/revisions\/964406"}],"wp:featuredmedia":[{"embeddable":true,"href":"https:\/\/gradski.me\/en\/wp-json\/wp\/v2\/media\/964405"}],"wp:attachment":[{"href":"https:\/\/gradski.me\/en\/wp-json\/wp\/v2\/media?parent=964404"}],"wp:term":[{"taxonomy":"category","embeddable":true,"href":"https:\/\/gradski.me\/en\/wp-json\/wp\/v2\/categories?post=964404"},{"taxonomy":"post_tag","embeddable":true,"href":"https:\/\/gradski.me\/en\/wp-json\/wp\/v2\/tags?post=964404"},{"taxonomy":"naslovna","embeddable":true,"href":"https:\/\/gradski.me\/en\/wp-json\/wp\/v2\/naslovna?post=964404"}],"curies":[{"name":"wp","href":"https:\/\/api.w.org\/{rel}","templated":true}]}}