{"id":964396,"date":"2026-04-30T14:07:44","date_gmt":"2026-04-30T12:07:44","guid":{"rendered":"https:\/\/gradski.me\/?p=964396"},"modified":"2026-04-30T14:07:46","modified_gmt":"2026-04-30T12:07:46","slug":"bogdanovic-odluka-sudije-osnovnog-suda-da-na-slobodu-pusti-lakovica-i-mucalicu-brutalno-ogoljava-dubinu-trulezi-u-slucaju-medenica","status":"publish","type":"post","link":"https:\/\/gradski.me\/en\/politika\/bogdanovic-odluka-sudije-osnovnog-suda-da-na-slobodu-pusti-lakovica-i-mucalicu-brutalno-ogoljava-dubinu-trulezi-u-slucaju-medenica\/","title":{"rendered":"Bogdanovi\u0107: Odluka sudije Osnovnog suda da na slobodu pusti Lakovi\u0107a i Mu\u010dalicu brutalno ogoljava dubinu trule\u017ei u slu\u010daju Medenica"},"content":{"rendered":"<p>Odluka sudije Osnovnog suda da na slobodu pusti Lakovi\u0107a i Mu\u010dalicu, koji se terete da su pomogli Milo\u0161u Medenici da pobjegne, predstavlja skandal prvog reda i brutalno ogoljava dubinu trule\u017ei u slu\u010daju Medenica. Ovo je pitanje sistema u kojem su, predugo, pojedinci iz institucija bili spremni da pomognu onima kojima je zakon morao biti najbli\u017ea, a ne najdalja adresa, saop\u0161tio je poslanik Demokrata Boris Bogdanovi\u0107.<\/p>\n\n\n\n<p>&#8222;A da skandal bude potpun, istu odluku donosi isti sudija koji je donio prvostepenu osloba\u0111aju\u0107u presudu Veselinu Veljovi\u0107u za napad na slu\u017ebena lica na Cetinju tokom ustoli\u010denja mitropolita Joanikija, dok je u gotovo istovrsnom slu\u010daju drugi sudija osudio Milana Kne\u017eevi\u0107a za navodni napad na slu\u017ebeno lice. Dakle, za jedne blagost, za druge strogost. Za jedne razumijevanje, za druge kazna. I onda nas neko pita za\u0161to gra\u0111ani sumnjaju da pravda u Crnoj Gori predugo nije nosila povez na o\u010dima, nego je gledala ko je ko&#8220;, kazao je Bogdanovi\u0107.<\/p>\n\n\n\n<p>Kako je kazao, isti sudija osloba\u0111a i optu\u017eene u slu\u010daju \u201cTunel\u201d, me\u0111u njima i lice koje se sumnji\u010dilo da je pomagalo kopanje tunela. <\/p>\n\n\n\n<p>&#8222;Ovo isto lice je nakon osloba\u0111auje\u0107e presude u slu\u010daju Tunel, nakon \u0161to ga je sudija pustio, optu\u017eeno za saizvr\u0161ila\u0161tvo putem pomaganja u slu\u010daju dvostrukog ubistva na Cetinju. Koliko jo\u0161 ovakvih odluka treba da se dogodi da bismo prestali da govorimo o slu\u010dajnostima, a po\u010deli da govorimo o obrascu koji razara vjeru naroda u pravosu\u0111e? A ono \u0161to je sino\u0107 ura\u0111eno spada u red poteza koji su rijetkost \u010dak i za na\u0161u optere\u0107enu pravosudnu praksu. Nije samo ukinuta mogu\u0107nost daljeg zadr\u017eavanja, nego je posegnuto i za ru\u0161enjem tu\u017eila\u010dkog zadr\u017eavanja od 72 \u010dasa, \u0161to sudovi izuzetno rijetko preispituju&#8220;, navodi se u saop\u0161tenju Bogdanovi\u0107a.<\/p>","protected":false},"excerpt":{"rendered":"<p>Odluka sudije Osnovnog suda da na slobodu pusti Lakovi\u0107a i Mu\u010dalicu, koji se terete da su pomogli Milo\u0161u Medenici da pobjegne, predstavlja skandal prvog reda i brutalno ogoljava dubinu trule\u017ei u slu\u010daju Medenica. Ovo je pitanje sistema u kojem su, predugo, pojedinci iz institucija bili spremni da pomognu onima kojima je zakon morao biti najbli\u017ea, [&hellip;]<\/p>\n","protected":false},"author":7,"featured_media":760337,"comment_status":"open","ping_status":"open","sticky":false,"template":"","format":"standard","meta":{"_acf_changed":false,"footnotes":"","jetpack_publicize_message":"","jetpack_publicize_feature_enabled":true,"jetpack_social_post_already_shared":true,"jetpack_social_options":{"image_generator_settings":{"template":"highway","default_image_id":0,"font":"","enabled":false},"version":2}},"categories":[7],"tags":[6236,31758,30317],"naslovna":[910],"class_list":["post-964396","post","type-post","status-publish","format-standard","has-post-thumbnail","hentry","category-politika","tag-bogdanovic","tag-mucalica","tag-osnovi-sud","naslovna-preporuceno"],"acf":[],"jetpack_publicize_connections":[],"_links":{"self":[{"href":"https:\/\/gradski.me\/en\/wp-json\/wp\/v2\/posts\/964396","targetHints":{"allow":["GET"]}}],"collection":[{"href":"https:\/\/gradski.me\/en\/wp-json\/wp\/v2\/posts"}],"about":[{"href":"https:\/\/gradski.me\/en\/wp-json\/wp\/v2\/types\/post"}],"author":[{"embeddable":true,"href":"https:\/\/gradski.me\/en\/wp-json\/wp\/v2\/users\/7"}],"replies":[{"embeddable":true,"href":"https:\/\/gradski.me\/en\/wp-json\/wp\/v2\/comments?post=964396"}],"version-history":[{"count":1,"href":"https:\/\/gradski.me\/en\/wp-json\/wp\/v2\/posts\/964396\/revisions"}],"predecessor-version":[{"id":964398,"href":"https:\/\/gradski.me\/en\/wp-json\/wp\/v2\/posts\/964396\/revisions\/964398"}],"wp:featuredmedia":[{"embeddable":true,"href":"https:\/\/gradski.me\/en\/wp-json\/wp\/v2\/media\/760337"}],"wp:attachment":[{"href":"https:\/\/gradski.me\/en\/wp-json\/wp\/v2\/media?parent=964396"}],"wp:term":[{"taxonomy":"category","embeddable":true,"href":"https:\/\/gradski.me\/en\/wp-json\/wp\/v2\/categories?post=964396"},{"taxonomy":"post_tag","embeddable":true,"href":"https:\/\/gradski.me\/en\/wp-json\/wp\/v2\/tags?post=964396"},{"taxonomy":"naslovna","embeddable":true,"href":"https:\/\/gradski.me\/en\/wp-json\/wp\/v2\/naslovna?post=964396"}],"curies":[{"name":"wp","href":"https:\/\/api.w.org\/{rel}","templated":true}]}}