{"id":964389,"date":"2026-04-30T13:59:05","date_gmt":"2026-04-30T11:59:05","guid":{"rendered":"https:\/\/gradski.me\/?p=964389"},"modified":"2026-04-30T13:59:32","modified_gmt":"2026-04-30T11:59:32","slug":"ministarstvo-poljoprivrede-obezbijedjen-siguran-plasman-trzisnih-viskova","status":"publish","type":"post","link":"https:\/\/gradski.me\/en\/ekonomija\/ministarstvo-poljoprivrede-obezbijedjen-siguran-plasman-trzisnih-viskova\/","title":{"rendered":"Ministarstvo poljoprivrede: Obezbije\u0111en siguran plasman tr\u017ei\u0161nih vi\u0161kova"},"content":{"rendered":"<p><\/p>\n\n\n\n<p>Ministarstvo poljoprivrede, \u0161umarstva i vodoprive je, u skladu sa jasno definisanim dogovorima i najavama, obezbijedilo siguran plasman tr\u017ei\u0161nih vi\u0161kova, navode u saop\u0161tenju.<\/p>\n\n\n\n<figure class=\"wp-block-embed is-type-wp-embed is-provider-pg-tv wp-block-embed-pg-tv\"><div class=\"wp-block-embed__wrapper\">\n<blockquote class=\"wp-embedded-content\" data-secret=\"YQ6VCGbJA9\"><a href=\"https:\/\/gradski.me\/en\/ekonomija\/mpsv-raspisan-poziv-za-pokrivanje-troskova-povlacenje-viskova-mlijeka-nema-interesovanja-za-otkup\/\">MP\u0160V: Raspisan poziv za pokrivanje tro\u0161kova povla\u010denje vi\u0161kova mlijeka, nema interesovanja za otkup<\/a><\/blockquote><iframe class=\"wp-embedded-content\" sandbox=\"allow-scripts\" security=\"restricted\" style=\"position: absolute; visibility: hidden;\" title=\"&#132;MP\u0160V: Raspisan poziv za pokrivanje tro\u0161kova povla\u010denje vi\u0161kova mlijeka, nema interesovanja za otkup&#147; &#8212; PG TV\" src=\"https:\/\/gradski.me\/ekonomija\/mpsv-raspisan-poziv-za-pokrivanje-troskova-povlacenje-viskova-mlijeka-nema-interesovanja-za-otkup\/embed\/#?secret=Ben1yD0BIH#?secret=YQ6VCGbJA9\" data-secret=\"YQ6VCGbJA9\" width=\"600\" height=\"338\" frameborder=\"0\" marginwidth=\"0\" marginheight=\"0\" scrolling=\"no\"><\/iframe>\n<\/div><\/figure>\n\n\n\n<p>&#8222;Posebno nagla\u0161avamo da je omogu\u0107ena realizacija cjelokupnih koli\u010dina kroz izvoz u zemlje regiona, \u0161to predstavlja konkretno i operativno rje\u0161enje. Ne postoji nijedan opravdan razlog za odlaganje ili izbjegavanje uklju\u010divanja u ovaj proces. Ministarstvo uvjerava prera\u0111iva\u010dke kapacitete da \u0107e cjelokupne koli\u010dine biti realizovane, te o\u010dekuje njihovu hitnu reakciju i prijavu na javni poziv, bez daljeg odlaganja. Istovremeno, pozivamo prera\u0111iva\u010de da ve\u0107 od sjutra uspostave redovan otkup. Svako dalje odugovla\u010denje smatra\u0107e se neodgovornim odnosom prema doma\u0107im proizvo\u0111a\u010dima&#8220;, kazali su u saop\u0161tenju.<\/p>","protected":false},"excerpt":{"rendered":"<p>Ministarstvo poljoprivrede, \u0161umarstva i vodoprive je, u skladu sa jasno definisanim dogovorima i najavama, obezbijedilo siguran plasman tr\u017ei\u0161nih vi\u0161kova, navode u saop\u0161tenju. &#8222;Posebno nagla\u0161avamo da je omogu\u0107ena realizacija cjelokupnih koli\u010dina kroz izvoz u zemlje regiona, \u0161to predstavlja konkretno i operativno rje\u0161enje. Ne postoji nijedan opravdan razlog za odlaganje ili izbjegavanje uklju\u010divanja u ovaj proces. Ministarstvo [&hellip;]<\/p>\n","protected":false},"author":7,"featured_media":916257,"comment_status":"open","ping_status":"open","sticky":false,"template":"","format":"standard","meta":{"_acf_changed":false,"footnotes":"","jetpack_publicize_message":"","jetpack_publicize_feature_enabled":true,"jetpack_social_post_already_shared":true,"jetpack_social_options":{"image_generator_settings":{"template":"highway","default_image_id":0,"font":"","enabled":false},"version":2}},"categories":[8],"tags":[9156,31757],"naslovna":[],"class_list":["post-964389","post","type-post","status-publish","format-standard","has-post-thumbnail","hentry","category-ekonomija","tag-mlijeko","tag-viskovi"],"acf":[],"jetpack_publicize_connections":[],"_links":{"self":[{"href":"https:\/\/gradski.me\/en\/wp-json\/wp\/v2\/posts\/964389","targetHints":{"allow":["GET"]}}],"collection":[{"href":"https:\/\/gradski.me\/en\/wp-json\/wp\/v2\/posts"}],"about":[{"href":"https:\/\/gradski.me\/en\/wp-json\/wp\/v2\/types\/post"}],"author":[{"embeddable":true,"href":"https:\/\/gradski.me\/en\/wp-json\/wp\/v2\/users\/7"}],"replies":[{"embeddable":true,"href":"https:\/\/gradski.me\/en\/wp-json\/wp\/v2\/comments?post=964389"}],"version-history":[{"count":1,"href":"https:\/\/gradski.me\/en\/wp-json\/wp\/v2\/posts\/964389\/revisions"}],"predecessor-version":[{"id":964391,"href":"https:\/\/gradski.me\/en\/wp-json\/wp\/v2\/posts\/964389\/revisions\/964391"}],"wp:featuredmedia":[{"embeddable":true,"href":"https:\/\/gradski.me\/en\/wp-json\/wp\/v2\/media\/916257"}],"wp:attachment":[{"href":"https:\/\/gradski.me\/en\/wp-json\/wp\/v2\/media?parent=964389"}],"wp:term":[{"taxonomy":"category","embeddable":true,"href":"https:\/\/gradski.me\/en\/wp-json\/wp\/v2\/categories?post=964389"},{"taxonomy":"post_tag","embeddable":true,"href":"https:\/\/gradski.me\/en\/wp-json\/wp\/v2\/tags?post=964389"},{"taxonomy":"naslovna","embeddable":true,"href":"https:\/\/gradski.me\/en\/wp-json\/wp\/v2\/naslovna?post=964389"}],"curies":[{"name":"wp","href":"https:\/\/api.w.org\/{rel}","templated":true}]}}