{"id":964387,"date":"2026-04-30T14:22:00","date_gmt":"2026-04-30T12:22:00","guid":{"rendered":"https:\/\/gradski.me\/?p=964387"},"modified":"2026-04-30T14:03:37","modified_gmt":"2026-04-30T12:03:37","slug":"njemacki-ministar-posjetio-izvoriste-bolje-sestre-obostrana-spremnost-za-unapredjenje-saradnje","status":"publish","type":"post","link":"https:\/\/gradski.me\/en\/ekonomija\/njemacki-ministar-posjetio-izvoriste-bolje-sestre-obostrana-spremnost-za-unapredjenje-saradnje\/","title":{"rendered":"German Minister Visits \"Bolje Sestre\" Spring: Mutual Readiness to Improve Cooperation"},"content":{"rendered":"<p><\/p>\n\n\n\n<p>Tokom posjete, u pratnji ministra ekologije, odr\u017eivog razvoja i razvoja sjevera Crne Gore, Damira \u0106ulafi\u0107a, i njegovih saradnika, realizovan je obilazak izvori\u0161ta \u201eBolje Sestre\u201c.<\/p>\n\n\n\n<p>Predstavnici Regionalnog vodovoda upoznali su uva\u017eene goste sa zna\u010dajem o\u010duvanja ovog izvori\u0161ta, koje predstavlja klju\u010dni resurs za vodosnabdijevanje crnogorskog primorja, kao i sa aktivnostima koje se sprovode u cilju njegove dugoro\u010dne za\u0161tite i odr\u017eivog upravljanja. Poseban akcenat stavljen je na izazove u o\u010duvanju prirodnih ekosistema, kao i na potrebu ja\u010danja me\u0111unarodne saradnje u oblasti za\u0161tite voda i \u017eivotne sredine.<\/p>\n\n\n\n<p>U znak zahvalnosti za posjetu i iskazano interesovanje za unapre\u0111enje saradnje, izvr\u0161ni direktor Regionalnog vodovoda Crnogorsko primorje, <strong>Krsto Radovi\u0107<\/strong>, uru\u010dio je prigodan poklon ministru \u0160najderu.<\/p>\n\n\n\n<p>&#8222;Posjeta je protekla u konstruktivnoj atmosferi, uz razmjenu iskustava i dobrih praksi u oblasti ekologije i upravljanja prirodnim resursima. Tom prilikom istaknuta je obostrana spremnost za dalje unapre\u0111enje saradnje izme\u0111u institucija Crne Gore i Savezne Republike Njema\u010dke, posebno u segmentima odr\u017eivog razvoja i za\u0161tite \u017eivotne sredine&#8220;, navode iz Regionalnog vodovoda.<\/p>\n\n\n\n<p>Regionalni vodovod Crnogorsko primorje, kako ka\u017eu, ostaje posve\u0107en o\u010duvanju prirodnih resursa i unapre\u0111enju sistema vodosnabdijevanja, uz primjenu najvi\u0161ih ekolo\u0161kih standarda i principa odr\u017eivosti.<\/p>","protected":false},"excerpt":{"rendered":"<p>Regionalni vodovod Crnogorsko primorje imao je \u010dast da bude doma\u0107in posjete ministra za ekologiju, za\u0161titu klime, za\u0161titu prirode i nuklearnu za\u0161titu Savezne Republike Njema\u010dke, Karstena \u0160najdera, koji je sa delegacijom boravio u radnoj posjeti Crnoj Gori, saop\u0161teno je iz Regionalnog vodovoda.<\/p>","protected":false},"author":8,"featured_media":964393,"comment_status":"open","ping_status":"open","sticky":false,"template":"","format":"standard","meta":{"_acf_changed":false,"footnotes":"","jetpack_publicize_message":"","jetpack_publicize_feature_enabled":true,"jetpack_social_post_already_shared":true,"jetpack_social_options":{"image_generator_settings":{"template":"highway","default_image_id":0,"font":"","enabled":false},"version":2}},"categories":[8],"tags":[31676,2966],"naslovna":[],"class_list":["post-964387","post","type-post","status-publish","format-standard","has-post-thumbnail","hentry","category-ekonomija","tag-karsten-snajder","tag-krsto-radovic"],"acf":[],"jetpack_publicize_connections":[],"_links":{"self":[{"href":"https:\/\/gradski.me\/en\/wp-json\/wp\/v2\/posts\/964387","targetHints":{"allow":["GET"]}}],"collection":[{"href":"https:\/\/gradski.me\/en\/wp-json\/wp\/v2\/posts"}],"about":[{"href":"https:\/\/gradski.me\/en\/wp-json\/wp\/v2\/types\/post"}],"author":[{"embeddable":true,"href":"https:\/\/gradski.me\/en\/wp-json\/wp\/v2\/users\/8"}],"replies":[{"embeddable":true,"href":"https:\/\/gradski.me\/en\/wp-json\/wp\/v2\/comments?post=964387"}],"version-history":[{"count":1,"href":"https:\/\/gradski.me\/en\/wp-json\/wp\/v2\/posts\/964387\/revisions"}],"predecessor-version":[{"id":964397,"href":"https:\/\/gradski.me\/en\/wp-json\/wp\/v2\/posts\/964387\/revisions\/964397"}],"wp:featuredmedia":[{"embeddable":true,"href":"https:\/\/gradski.me\/en\/wp-json\/wp\/v2\/media\/964393"}],"wp:attachment":[{"href":"https:\/\/gradski.me\/en\/wp-json\/wp\/v2\/media?parent=964387"}],"wp:term":[{"taxonomy":"category","embeddable":true,"href":"https:\/\/gradski.me\/en\/wp-json\/wp\/v2\/categories?post=964387"},{"taxonomy":"post_tag","embeddable":true,"href":"https:\/\/gradski.me\/en\/wp-json\/wp\/v2\/tags?post=964387"},{"taxonomy":"naslovna","embeddable":true,"href":"https:\/\/gradski.me\/en\/wp-json\/wp\/v2\/naslovna?post=964387"}],"curies":[{"name":"wp","href":"https:\/\/api.w.org\/{rel}","templated":true}]}}