{"id":964380,"date":"2026-04-30T14:03:00","date_gmt":"2026-04-30T12:03:00","guid":{"rendered":"https:\/\/gradski.me\/?p=964380"},"modified":"2026-04-30T13:49:11","modified_gmt":"2026-04-30T11:49:11","slug":"gutic-ispravljanje-istorijskih-nepravdi-nije-cin-proslosti-vec-trajna-obaveza-drzave","status":"publish","type":"post","link":"https:\/\/gradski.me\/en\/drustvo\/gutic-ispravljanje-istorijskih-nepravdi-nije-cin-proslosti-vec-trajna-obaveza-drzave\/","title":{"rendered":"Guti\u0107: Correcting historical injustices is not an act of the past, but a permanent obligation of the state"},"content":{"rendered":"<p><\/p>\n\n\n\n<p>Za dr\u017eavu Crnu Goru, ovo je, kako ka\u017eu, podsje\u0107anje na obavezu za odgovornim upravljanjem procesima, ali i na du\u017enost da se ne zaboravi i da se djeluje pravedno.<\/p>\n\n\n\n<p>Ministarstvo socijalnog staranja, brige o porodici i demografije je prije godinu iniciralo, a Skup\u0161tina usvojila izmjene Zakona, kojima su civilne \u017ertve rata kona\u010dno institucionalno priznate.<\/p>\n\n\n\n<p>Time je, kako ka\u017eu, priznata \u017ertva svih onih koji su, ni krivi ni du\u017eni, stradali u Murinu, bili \u017ertve deportacija, oteti iz voza u \u0160trpcima ili ubijeni u Bukovici.<\/p>\n\n\n\n<p>Ove nedjelje Ministarstvo socijalnog staranja, brige o porodici i demografije isplatilo je i drugi dio jednokratne pomo\u0107i porodicama civilnih \u017ertava, \u010dime je okon\u010dan proces koji je dugo \u010dekao na pravdu.<\/p>\n\n\n\n<p>44.Vlada Crne Gore nastavi\u0107e da ispravlja istorijske nepravde koje su mrlja na obrazu Crne Gore.<\/p>\n\n\n\n<p>\u201eIspravljanje istorijskih nepravdi nije \u010din pro\u0161losti, ve\u0107 trajna obaveza dr\u017eave da gradi poverenje kroz priznanje, odgovornost i konkretnu podr\u0161ku, onima koji su najte\u017ee pogo\u0111eni\u201c, kazao je ministar Damir Guti\u0107.<\/p>","protected":false},"excerpt":{"rendered":"<p>Na dana\u0161nji dan, prije 27 godina, tragi\u010dno je uga\u0161eno \u0161est \u017eivota u Murinu. Njihova \u017ertva je nepovratan gubitak i trajna opomena, saop\u0161tili su iz Ministarstva socijalnog staranja, brige o porodici i demografije.<\/p>","protected":false},"author":8,"featured_media":963934,"comment_status":"open","ping_status":"open","sticky":false,"template":"","format":"standard","meta":{"_acf_changed":false,"footnotes":"","jetpack_publicize_message":"","jetpack_publicize_feature_enabled":true,"jetpack_social_post_already_shared":true,"jetpack_social_options":{"image_generator_settings":{"template":"highway","default_image_id":0,"font":"","enabled":false},"version":2}},"categories":[9],"tags":[3824,7526],"naslovna":[],"class_list":["post-964380","post","type-post","status-publish","format-standard","has-post-thumbnail","hentry","category-drustvo","tag-damir-gutic","tag-ministarstvo-socijalnog-staranja-brige-o-porodici-i-demografije"],"acf":[],"jetpack_publicize_connections":[],"_links":{"self":[{"href":"https:\/\/gradski.me\/en\/wp-json\/wp\/v2\/posts\/964380","targetHints":{"allow":["GET"]}}],"collection":[{"href":"https:\/\/gradski.me\/en\/wp-json\/wp\/v2\/posts"}],"about":[{"href":"https:\/\/gradski.me\/en\/wp-json\/wp\/v2\/types\/post"}],"author":[{"embeddable":true,"href":"https:\/\/gradski.me\/en\/wp-json\/wp\/v2\/users\/8"}],"replies":[{"embeddable":true,"href":"https:\/\/gradski.me\/en\/wp-json\/wp\/v2\/comments?post=964380"}],"version-history":[{"count":1,"href":"https:\/\/gradski.me\/en\/wp-json\/wp\/v2\/posts\/964380\/revisions"}],"predecessor-version":[{"id":964382,"href":"https:\/\/gradski.me\/en\/wp-json\/wp\/v2\/posts\/964380\/revisions\/964382"}],"wp:featuredmedia":[{"embeddable":true,"href":"https:\/\/gradski.me\/en\/wp-json\/wp\/v2\/media\/963934"}],"wp:attachment":[{"href":"https:\/\/gradski.me\/en\/wp-json\/wp\/v2\/media?parent=964380"}],"wp:term":[{"taxonomy":"category","embeddable":true,"href":"https:\/\/gradski.me\/en\/wp-json\/wp\/v2\/categories?post=964380"},{"taxonomy":"post_tag","embeddable":true,"href":"https:\/\/gradski.me\/en\/wp-json\/wp\/v2\/tags?post=964380"},{"taxonomy":"naslovna","embeddable":true,"href":"https:\/\/gradski.me\/en\/wp-json\/wp\/v2\/naslovna?post=964380"}],"curies":[{"name":"wp","href":"https:\/\/api.w.org\/{rel}","templated":true}]}}