{"id":964361,"date":"2026-04-30T13:15:00","date_gmt":"2026-04-30T11:15:00","guid":{"rendered":"https:\/\/gradski.me\/?p=964361"},"modified":"2026-04-30T13:13:10","modified_gmt":"2026-04-30T11:13:10","slug":"pojacane-kontrole-tokom-praznika-i-za-dane-vikenda-fokus-na-bezbjednost-i-odgovornu-voznju","status":"publish","type":"post","link":"https:\/\/gradski.me\/en\/hronika\/pojacane-kontrole-tokom-praznika-i-za-dane-vikenda-fokus-na-bezbjednost-i-odgovornu-voznju\/","title":{"rendered":"Poja\u010dane kontrole tokom praznika i za dane vikenda: Fokus na bezbjednost i odgovornu vo\u017enju"},"content":{"rendered":"<p><\/p>\n\n\n\n<p><\/p>\n\n\n\n<p>Imaju\u0107i u vidu o\u010dekivanu poja\u010danu frekvenciju saobra\u0107aja, cilj ovih aktivnosti \u0107e biti, kako ka\u017eu, smanjenje broja saobra\u0107ajnih nezgoda, naro\u010dito onih sa najte\u017eim posljedicama, kao i obezbje\u0111ivanje bezbjednog i nesmetanog odvijanja drumskog saobra\u0107aja tokom prazni\u010dnih i dana vikenda.<\/p>\n\n\n\n<p>&#8222;Ljudski faktor i dalje predstavlja dominantan uzrok saobra\u0107ajnih nezgoda sa najte\u017eim posljedicama. Poseban fokus policijskih kontrola bi\u0107e usmjeren na sankcionisanje naj\u010de\u0161\u0107ih prekr\u0161aja, me\u0111u kojima su: neprilago\u0111ena i nedozvoljena brzina kretanja, upravljanje vozilom pod dejstvom alkohola i psihoaktivnih supstanci, upotreba mobilnih telefona tokom vo\u017enje, nepropisno preticanje, kao i nekori\u0161\u0107enje sigurnosnog pojasa&#8220;, kazali su iz Uprave policije.<\/p>\n\n\n\n<p>Pozivaju sve u\u010desnike u saobra\u0107aju da odgovornim i savjesnim pona\u0161anjem doprinesu sopstvenoj bezbjednosti, kao i bezbjednosti svojih saputnika i drugih voza\u010da.<\/p>\n\n\n\n<p>Tako\u0111e, upu\u0107uju apel svim gra\u0111anima, a posebno mladim voza\u010dima, voza\u010dima po\u010detnicima, kao i motociklistima, da poka\u017eu dodatni oprez i dosljedno po\u0161tuju va\u017ee\u0107e saobra\u0107ajne propise.<\/p>","protected":false},"excerpt":{"rendered":"<p>Slu\u017ebenici saobra\u0107ajne policije svih regionalnih centara bezbjednosti (Centar, Sjever, Jug i Zapad), kao i slu\u017ebenici Mobilne jedinice saobra\u0107ajne policije, u susret prvomajskim praznicima i tokom vikenda, sprovodi\u0107e poja\u010dane preventivne aktivnosti i kontrole na putevima \u0161irom Crne Gore, te sankcionisati prekr\u0161aje i neodgovorno pona\u0161anje u\u010desnika u saobra\u0107aju, najavili su iz Uprave policije.<\/p>","protected":false},"author":8,"featured_media":959704,"comment_status":"open","ping_status":"open","sticky":false,"template":"","format":"standard","meta":{"_acf_changed":false,"footnotes":"","jetpack_publicize_message":"","jetpack_publicize_feature_enabled":true,"jetpack_social_post_already_shared":true,"jetpack_social_options":{"image_generator_settings":{"template":"highway","default_image_id":0,"font":"","enabled":false},"version":2}},"categories":[10],"tags":[21894,174],"naslovna":[908],"class_list":["post-964361","post","type-post","status-publish","format-standard","has-post-thumbnail","hentry","category-hronika","tag-pojacane-kontrole","tag-policija","naslovna-izdvajamo"],"acf":[],"jetpack_publicize_connections":[],"_links":{"self":[{"href":"https:\/\/gradski.me\/en\/wp-json\/wp\/v2\/posts\/964361","targetHints":{"allow":["GET"]}}],"collection":[{"href":"https:\/\/gradski.me\/en\/wp-json\/wp\/v2\/posts"}],"about":[{"href":"https:\/\/gradski.me\/en\/wp-json\/wp\/v2\/types\/post"}],"author":[{"embeddable":true,"href":"https:\/\/gradski.me\/en\/wp-json\/wp\/v2\/users\/8"}],"replies":[{"embeddable":true,"href":"https:\/\/gradski.me\/en\/wp-json\/wp\/v2\/comments?post=964361"}],"version-history":[{"count":1,"href":"https:\/\/gradski.me\/en\/wp-json\/wp\/v2\/posts\/964361\/revisions"}],"predecessor-version":[{"id":964363,"href":"https:\/\/gradski.me\/en\/wp-json\/wp\/v2\/posts\/964361\/revisions\/964363"}],"wp:featuredmedia":[{"embeddable":true,"href":"https:\/\/gradski.me\/en\/wp-json\/wp\/v2\/media\/959704"}],"wp:attachment":[{"href":"https:\/\/gradski.me\/en\/wp-json\/wp\/v2\/media?parent=964361"}],"wp:term":[{"taxonomy":"category","embeddable":true,"href":"https:\/\/gradski.me\/en\/wp-json\/wp\/v2\/categories?post=964361"},{"taxonomy":"post_tag","embeddable":true,"href":"https:\/\/gradski.me\/en\/wp-json\/wp\/v2\/tags?post=964361"},{"taxonomy":"naslovna","embeddable":true,"href":"https:\/\/gradski.me\/en\/wp-json\/wp\/v2\/naslovna?post=964361"}],"curies":[{"name":"wp","href":"https:\/\/api.w.org\/{rel}","templated":true}]}}