{"id":964315,"date":"2026-04-30T14:10:00","date_gmt":"2026-04-30T12:10:00","guid":{"rendered":"https:\/\/gradski.me\/?p=964315"},"modified":"2026-04-30T13:32:12","modified_gmt":"2026-04-30T11:32:12","slug":"pojedini-dijelovi-bih-pod-snjeznim-pokrivacem","status":"publish","type":"post","link":"https:\/\/gradski.me\/en\/region\/pojedini-dijelovi-bih-pod-snjeznim-pokrivacem\/","title":{"rendered":"Pojedini djelovi BiH pod snje\u017enim pokriva\u010dem"},"content":{"rendered":"<p>Najvi\u0161e snijega ima na planinama Bjela\u0161nici i Jahorini a na fotografijama putnika, na dru\u0161tvenim mre\u017eama, vidi se bijeli pokriva\u010d kao u januaru. Navode da su padavine jutros bile intenzivne, te da sve li\u010di na zimski ambijent. Iz FHMZ podsje\u0107aju da je danas u ve\u0107em dijelu zemlje prete\u017eno obla\u010dno, ki\u0161a pada u Hercegovini, centralnim, isto\u010dnim i sjevernim podru\u010djima Bosne, dok je na planinama snijeg.<\/p>\n\n\n\n<figure class=\"wp-block-image size-full\"><img fetchpriority=\"high\" decoding=\"async\" width=\"976\" height=\"729\" src=\"https:\/\/gradski.me\/wp-content\/uploads\/2026\/04\/bih-snijeg-2.webp\" alt=\"\" class=\"wp-image-964320\" title=\"\" srcset=\"https:\/\/gradski.me\/wp-content\/uploads\/2026\/04\/bih-snijeg-2.webp 976w, https:\/\/gradski.me\/wp-content\/uploads\/2026\/04\/bih-snijeg-2-300x224.webp 300w, https:\/\/gradski.me\/wp-content\/uploads\/2026\/04\/bih-snijeg-2-768x574.webp 768w, https:\/\/gradski.me\/wp-content\/uploads\/2026\/04\/bih-snijeg-2-16x12.webp 16w\" sizes=\"(max-width: 976px) 100vw, 976px\" \/><figcaption class=\"wp-element-caption\">Foto: facebook<\/figcaption><\/figure>\n\n\n\n<figure class=\"wp-block-image size-large\"><img decoding=\"async\" width=\"1024\" height=\"492\" src=\"https:\/\/gradski.me\/wp-content\/uploads\/2026\/04\/bih-snijeg-3-1024x492.webp\" alt=\"\" class=\"wp-image-964321\" title=\"\" srcset=\"https:\/\/gradski.me\/wp-content\/uploads\/2026\/04\/bih-snijeg-3-1024x492.webp 1024w, https:\/\/gradski.me\/wp-content\/uploads\/2026\/04\/bih-snijeg-3-300x144.webp 300w, https:\/\/gradski.me\/wp-content\/uploads\/2026\/04\/bih-snijeg-3-768x369.webp 768w, https:\/\/gradski.me\/wp-content\/uploads\/2026\/04\/bih-snijeg-3-18x9.webp 18w, https:\/\/gradski.me\/wp-content\/uploads\/2026\/04\/bih-snijeg-3.webp 1299w\" sizes=\"(max-width: 1024px) 100vw, 1024px\" \/><figcaption class=\"wp-element-caption\">Photo: Facebook<\/figcaption><\/figure>","protected":false},"excerpt":{"rendered":"<p>Iako se snijeg zasad zadr\u017eava uglavnom na vi\u0161im nadmorskim visinama, voza\u010dima se savjetuje oprez zbog mogu\u0107e poledice i klizavih kolovoza.<\/p>","protected":false},"author":20,"featured_media":964319,"comment_status":"open","ping_status":"open","sticky":false,"template":"","format":"standard","meta":{"_acf_changed":false,"footnotes":"","jetpack_publicize_message":"","jetpack_publicize_feature_enabled":true,"jetpack_social_post_already_shared":true,"jetpack_social_options":{"image_generator_settings":{"template":"highway","default_image_id":0,"font":"","enabled":false},"version":2}},"categories":[13],"tags":[31749,819,748],"naslovna":[],"class_list":["post-964315","post","type-post","status-publish","format-standard","has-post-thumbnail","hentry","category-region","tag-01-maj","tag-bih","tag-snijeg"],"acf":[],"jetpack_publicize_connections":[],"_links":{"self":[{"href":"https:\/\/gradski.me\/en\/wp-json\/wp\/v2\/posts\/964315","targetHints":{"allow":["GET"]}}],"collection":[{"href":"https:\/\/gradski.me\/en\/wp-json\/wp\/v2\/posts"}],"about":[{"href":"https:\/\/gradski.me\/en\/wp-json\/wp\/v2\/types\/post"}],"author":[{"embeddable":true,"href":"https:\/\/gradski.me\/en\/wp-json\/wp\/v2\/users\/20"}],"replies":[{"embeddable":true,"href":"https:\/\/gradski.me\/en\/wp-json\/wp\/v2\/comments?post=964315"}],"version-history":[{"count":2,"href":"https:\/\/gradski.me\/en\/wp-json\/wp\/v2\/posts\/964315\/revisions"}],"predecessor-version":[{"id":964358,"href":"https:\/\/gradski.me\/en\/wp-json\/wp\/v2\/posts\/964315\/revisions\/964358"}],"wp:featuredmedia":[{"embeddable":true,"href":"https:\/\/gradski.me\/en\/wp-json\/wp\/v2\/media\/964319"}],"wp:attachment":[{"href":"https:\/\/gradski.me\/en\/wp-json\/wp\/v2\/media?parent=964315"}],"wp:term":[{"taxonomy":"category","embeddable":true,"href":"https:\/\/gradski.me\/en\/wp-json\/wp\/v2\/categories?post=964315"},{"taxonomy":"post_tag","embeddable":true,"href":"https:\/\/gradski.me\/en\/wp-json\/wp\/v2\/tags?post=964315"},{"taxonomy":"naslovna","embeddable":true,"href":"https:\/\/gradski.me\/en\/wp-json\/wp\/v2\/naslovna?post=964315"}],"curies":[{"name":"wp","href":"https:\/\/api.w.org\/{rel}","templated":true}]}}