{"id":964314,"date":"2026-04-30T12:03:00","date_gmt":"2026-04-30T10:03:00","guid":{"rendered":"https:\/\/gradski.me\/?p=964314"},"modified":"2026-04-30T12:00:45","modified_gmt":"2026-04-30T10:00:45","slug":"skupstina-domacin-20-zasijedanja-parlamentarne-skupstine-mediterana","status":"publish","type":"post","link":"https:\/\/gradski.me\/en\/politika\/skupstina-domacin-20-zasijedanja-parlamentarne-skupstine-mediterana\/","title":{"rendered":"Skup\u0161tina doma\u0107in 20. zasijedanja Parlamentarne skup\u0161tine Mediterana"},"content":{"rendered":"<p><\/p>\n\n\n\n<p><\/p>\n\n\n\n<p>Prvi samit predsjednika parlamenata dr\u017eava \u010dlanica i partnera PAM-a, koji \u0107e otvoriti predsjednik Skup\u0161tine Crne Gore, <strong>Andrija Mandic<\/strong>, a u uvodnom dijelu prisutnima \u0107e se obratiti i <strong>Dejan Djurovic<\/strong>, predsjednik Delegacije Skup\u0161tine Crne Gore i potpredsjednik PAM-a, <strong>Giulio Centemero<\/strong>, predsjednik PAM-a, <strong>Natalia Gherman<\/strong>, izvr\u0161na direktorica Izvr\u0161nog direktorata Odbora za borbu protiv terorizma pri Ujedinjenim nacijama, a u\u010desnicima \u0107e se video porukom obratiti <strong>Ant\u00f3nio Gutere\u0161<\/strong>, generalni sekretar Ujedinjenih nacija.<\/p>\n\n\n\n<p>Samit, koji se odr\u017eava na temu \u201eParlamentarna diplomatija kao stub otpornosti demokratskih institucija\u201c, bi\u0107e otvoren u \u010detvrtak, 7. maja, Dinastija sala, sa po\u010detkom u 9.30h.<\/p>\n\n\n\n<p>Prvi Samit ima za cilj o\u010duvanje politi\u010dkog dijaloga, reafirmaciju centralne uloge nacionalnih i me\u0111unarodnih parlamenata u za\u0161titi i promociji kooperativnog upravljanja, kao i obnovu povjerenja u multilateralne institucije. U okviru Samita u\u010de\u0161\u0107e \u0107e imati Sahiba Gafarova, predsjednica Nacionalne skup\u0161tine i predsjedavaju\u0107a Parlamentarne mre\u017ee Pokreta nesvrstanih, Marinko \u010cavara, predsjednik Predstavni\u010dkog doma, Faisal Akef El-Fayez, predsjednik Senata, Mazen Al-Qadi, predsjednik Predstavni\u010dkog doma, Saqr Ghubash, predsjednik Federalnog nacionalnog savjeta, Hassan Abdulla Al-Ghanim, predsjednik Savjetodavnog (Shura) vije\u0107a, Abdullah Al-Sheikh, predsjednik Savjetodavnog (Shura) vije\u0107a, Anglu Faruggia, predsjednik Predstavni\u010dkog doma Malte, Shalva Papuashvili, predsjednik Parlamenta Gruzije i predsjednik Parlamentarne skup\u0161tine Organizacije za ekonomsku saradnju crnomorskih zemalja (PABSEC),<\/p>\n\n\n\n<p>Mohamed Abou El Enein, predsjednik Parlamentarne skup\u0161tine Unije za Mediteran (PA-UfM), Hakob Arshakyan, potpredsjednik Nacionalne skup\u0161tine i Klodiana Spahiu, zamjenica predsjednika Parlamenta Albanije.<\/p>\n\n\n\n<p>Ovogodi\u0161nje 20. zasijedanje, koje okuplja oko 250 u\u010desnika iz 25 zemlje (Albanija, Al\u017eir, Azerbejd\u017ean, Bosna i Hercegovina, Gr\u010dka, Gruzija, Italija, Jermenija, Jordan, Kipar, Katar, Malta, Mauritanija, Maroko, Monako, Portugal, Rumunija, San Marino, Saudijska Arabija, Srbija, Tunis, Turska, Ujedinjeni Arapski Emirati, Francuska, Crna Gora) bi\u0107e otvoreno u petak, 8. maja, sa po\u010detkom u 9.15h, izlaganjem Pedra Rokea, potpredsjednika PAM-a i predsjednika Tre\u0107eg stalnog odbora za dijalog me\u0111u civilizacijama i ljudska prava, dok \u0107e se video porukom obratiti Vanessa Frazier, podsekretar Ujedinjenih nacija i specijalni predstavnik generalnog sekretara UN za djecu i oru\u017eane sukobe. Zatim slijedi prezentacija izvje\u0161taja i nacrta rezolucija od strane senatorke Marie-Arlette Carlotti, potpredsjednice PAM-a i izvjestiteljke za migracije, Klodiane Spahiu, potpredsjednice Parlamenta Albanije i izvjestiteljke PAM-a za djecu u oru\u017eanim sukobima, izvje\u0161taj Maryam Bin Theneya, predsjednice Parlamentarnog foruma \u017eena PAM-a (WPF) i o aktivnostima Foruma i brifing o predstoje\u0107em pokretanju Inicijative za mlade PAM-a, od strane predsjednika PAM-a, Giulia Centemera.<\/p>\n\n\n\n<p>Tokom zasijedanja, bi\u0107e predstavljen rad Drugog stalnog odbora za ekonomsku, socijalnu i ekolo\u0161ku saradnju, u okviru kojeg \u0107e u\u010destvovati Suhair Al-Ali, potpredsjednik PAM-a i predsjednik Odbora, Veljko Vasiljevi\u0107, predsjednik Udru\u017eenja mediteranskih energetskih regulatora (MEDREGA), Zatim slijede prezentacije izvje\u0161taja i nacrta rezolucija od strane Rena Dourou i Rejhane Dervi\u0161evi\u0107, izvjestiteljke PAM-a za ekonomiju.<\/p>\n\n\n\n<p>Tako\u0111e, rad \u0107e predstaviti i Prvi stalni odbor za politi\u010dku i bezbjednosnu saradnju, u okviru kojeg \u0107e rije\u010d imati Abdelkader El Kihal, potpredsjednik PAM-a i predsjednik Odbora, Natalia Gherman, izvr\u0161na direktorica Izvr\u0161nog direktorata Odbora za borbu protiv terorizma pri Ujedinjenim nacijama, kao i prezentacije izvje\u0161taja i nacrta rezolucije od strane Deborah Bergamini, izvjestiteljke PAM-a za politi\u010dka pitanja i Rite Superman, izvjestiteljke PAM-a za borbu protiv terorizma. Zasijedanje \u0107e biti zatvoreno izlaganjem, Giulia Centemera predsjednika PAM-a.<\/p>\n\n\n\n<p>Uvodna obra\u0107anja u okviru sesija ima\u0107e \u2013 <strong>Aleksa Becic<\/strong>, potpredsjednik Vlade za bezbjednost, odbranu, borbu protiv kriminala i unutra\u0161nju politiku, kao i ministri Damir Guti\u0107, ministar socijalnog staranja, Damjan \u0106ulafi\u0107, ministar ekologije, odr\u017eivog razvoja i razvoja sjevera, a doga\u0111aj \u0107e okupiti i va\u017ene zvani\u010dnike i stru\u010dnjake iz brojnih zemalja, me\u0111unarodnih organizacija, akademske zajednice, privatnog sektora i civilnog dru\u0161tva.<\/p>\n\n\n\n<p>Zasijedanje \u0107e biti prilika i za okupljanje generalnih sekretara, \u010diji je doma\u0107in generalni sekretar Skup\u0161tine Crne Gore, Boban Stani\u0161i\u0107, a u okviru kojeg \u0107e biti odr\u017ean Peti sastanak generalnih sekretara dr\u017eava \u010dlanica PAM-a i parlamenata partnera, tokom kojeg \u0107e biti predstavljen projekat koji PAM realizuje u partnerstvu sa vode\u0107im me\u0111unarodnim ekspertima &#8211; \u201ePAM Digital Cognitive Capital\u201c, a bi\u0107e i uspostavljena Asocijacija generalnih sekretara dr\u017eava \u010dlanica PAM-a i partnerskih parlamenata (srijeda, 6. maj, Dinastija sala, 10.00h).<\/p>\n\n\n\n<p>Petom sastanku generalnih sekretara \u0107e prisustvovati: Mohamad Almetairi, generalni sekretar \u0160ura vije\u0107a, Anabela Cabral Ferreira, generalna sekretarka parlamenta, Awwad Alghuwairi, generalni sekretar Predstavni\u010dkog doma, Nayef Mohammed Al-Mahmoud, generalni sekretar \u0160ura savjeta, Omar Alnuaimi, generalni sekretar, Zeroual El Assad, generalni sekretar Doma savjetnika, \u00c9ric Tavernier, generalni sekretar Senata, Mirza Imamovi\u0107, generalni sekretar Zajedni\u010dke slu\u017ebe, Gordana \u017divkovi\u0107, generalna sekretarka Doma naroda, Dra\u017een Mustapi\u0107, generalni sekretar Predstavni\u010dkog doma, Ahmet Bozkurt, zamjenik generalnog sekretara, Ibush Jusufi, zamjenik generalnog sekretara Skup\u0161tine, Hugo Tavares, zamjenik generalnog sekretara Parlamenta Portugala i Naim \u00c7oban, zamjenik generalnog sekretara.<\/p>","protected":false},"excerpt":{"rendered":"<p>Skup\u0161tina Crne Gore bi\u0107e doma\u0107in 20. jubilarnog zasijedanja Parlamentarne skup\u0161tine Mediterana (PAM), koje se od 6. do 8. maja 2026. godine odr\u017eava u hotelu \u201eSplendid Conference &#038; Spa Resort\u201d u Budvi. U okviru 20. zasijedanja, bi\u0107e odr\u017ean i Prvi samit predsjednika parlamenata dr\u017eava \u010dlanica i partnera Parlamentarne skup\u0161tine Mediterana (PAM), kao i Peti sastanak generalnih sekretara dr\u017eava \u010dlanica PAM-a i partnerskih parlamenata.<\/p>","protected":false},"author":8,"featured_media":964317,"comment_status":"open","ping_status":"open","sticky":false,"template":"","format":"standard","meta":{"_acf_changed":false,"footnotes":"","jetpack_publicize_message":"","jetpack_publicize_feature_enabled":true,"jetpack_social_post_already_shared":true,"jetpack_social_options":{"image_generator_settings":{"template":"highway","default_image_id":0,"font":"","enabled":false},"version":2}},"categories":[7],"tags":[1698,503,31748,2006,31746,31747,29690],"naslovna":[],"class_list":["post-964314","post","type-post","status-publish","format-standard","has-post-thumbnail","hentry","category-politika","tag-aleksa-becic","tag-andrija-mandic","tag-antonio-guteres-3","tag-dejan-djurovic-2","tag-giulio-centemero","tag-natalia-gherman","tag-parlamentarna-skupstina-mediterana"],"acf":[],"jetpack_publicize_connections":[],"_links":{"self":[{"href":"https:\/\/gradski.me\/en\/wp-json\/wp\/v2\/posts\/964314","targetHints":{"allow":["GET"]}}],"collection":[{"href":"https:\/\/gradski.me\/en\/wp-json\/wp\/v2\/posts"}],"about":[{"href":"https:\/\/gradski.me\/en\/wp-json\/wp\/v2\/types\/post"}],"author":[{"embeddable":true,"href":"https:\/\/gradski.me\/en\/wp-json\/wp\/v2\/users\/8"}],"replies":[{"embeddable":true,"href":"https:\/\/gradski.me\/en\/wp-json\/wp\/v2\/comments?post=964314"}],"version-history":[{"count":1,"href":"https:\/\/gradski.me\/en\/wp-json\/wp\/v2\/posts\/964314\/revisions"}],"predecessor-version":[{"id":964318,"href":"https:\/\/gradski.me\/en\/wp-json\/wp\/v2\/posts\/964314\/revisions\/964318"}],"wp:featuredmedia":[{"embeddable":true,"href":"https:\/\/gradski.me\/en\/wp-json\/wp\/v2\/media\/964317"}],"wp:attachment":[{"href":"https:\/\/gradski.me\/en\/wp-json\/wp\/v2\/media?parent=964314"}],"wp:term":[{"taxonomy":"category","embeddable":true,"href":"https:\/\/gradski.me\/en\/wp-json\/wp\/v2\/categories?post=964314"},{"taxonomy":"post_tag","embeddable":true,"href":"https:\/\/gradski.me\/en\/wp-json\/wp\/v2\/tags?post=964314"},{"taxonomy":"naslovna","embeddable":true,"href":"https:\/\/gradski.me\/en\/wp-json\/wp\/v2\/naslovna?post=964314"}],"curies":[{"name":"wp","href":"https:\/\/api.w.org\/{rel}","templated":true}]}}