{"id":964293,"date":"2026-04-30T12:32:00","date_gmt":"2026-04-30T10:32:00","guid":{"rendered":"https:\/\/gradski.me\/?p=964293"},"modified":"2026-04-30T11:37:13","modified_gmt":"2026-04-30T09:37:13","slug":"murino-27-godina-od-bomardovanja-bez-krivicne-odgovornosti-i-pune-odstete","status":"publish","type":"post","link":"https:\/\/gradski.me\/en\/uncategorized\/murino-27-godina-od-bomardovanja-bez-krivicne-odgovornosti-i-pune-odstete\/","title":{"rendered":"Murino: 27 godina od bomardovanja &#8211; bez krivi\u010dne odgovornosti i pune od\u0161tete"},"content":{"rendered":"<p><\/p>\n\n\n\n<p><\/p>\n\n\n\n<p>&#8222;U bombardovanju mosta u varo\u0161ici Murino, 30. aprila 1999. godine, poginuli su civili\u00a0<em>Miroslav Kne\u017eevi\u0107 (14), Olivera Maksimovi\u0107 (13), Julija Brudar (11), Vuki\u0107 Vuleti\u0107 (46), Milka Ko\u010danovi\u0107 (69) i Manojlo Komatina (72). Jo\u0161 osam osoba je bilo povrije\u0111eno.<\/em><\/p>\n\n\n\n<p>Pored mosta, o\u0161te\u0107eni su i drugi civilni objekti, prodavnica i Dom kulture. Sirene se nisu \u010dule, niti je bilo drugog upozorenja na opasnost, \u0161to je \u010dinjenica potvr\u0111ena sudskom odlukom.<\/p>\n\n\n\n<p>NATO je saop\u0161tio da je obavje\u0161tavao nadle\u017ene crnogorske organe o planiranim ciljevima, me\u0111utim, stanovnici Murina o tome nisu bili obavije\u0161teni. O\u0161te\u0107ene porodice su tu\u017eile Crnu Goru za naknadu \u0161tete do koje je do\u0161lo zbog propusta u upozoravanju civila. Iako je jednoj porodici pravosna\u017eno usvojen tu\u017ebeni zahtjev, Vrhovni sud Crne Gore je po reviziji i tu odluku ukinuo te onemogu\u0107io obe\u0161te\u0107enje svim drugim \u017ertvama pozivaju\u0107i se na zastarjelost potra\u017eivanja, zbog toga \u0161to nikada nije vo\u0111en krivi\u010dni postupak protiv odgovornih za propust u obavje\u0161tavanju gra\u0111ana.&nbsp;<\/p>\n\n\n\n<p>Tragedija u Murinu nije jedinstven slu\u010daj u regionu. U no\u0107i izme\u0111u 22. i 23. aprila 1999. godine, NATO je bombardovao zgradu Radio-televizije Srbije (RTS) u Beogradu, pri \u010demu je poginulo 16 zaposlenih. I u tom slu\u010daju, nadle\u017eni su unaprijed obavije\u0161teni o planiranom napadu, a radnike nisu evakuisali. Ali, za razliku od Crne Gore, srpsko pravosu\u0111e je reagovalo poslije smjene vlasti 5. oktobra 2000, pa je Okru\u017eni sud u Beogradu 2002. godine osudio tada\u0161njeg direktora RTS-a Dragoljuba Milanovi\u0107a na 10 godina zatvora zbog krivi\u010dnog djela protiv op\u0161te sigurnosti jer nije naredio evakuaciju zaposlenih. On je tu kaznu i izdr\u017eao, po\u0161to je uhap\u0161en u Crnoj Gori 2003. godine.<\/p>\n\n\n\n<p>Ovaj slu\u010daj pokazuje kako je trebalo da postupi i Crna Gora, po sli\u010dnom pravnom i \u010dinjeni\u010dnom osnovu. Ostaje pitanje za\u0161to u Crnoj Gori taj osnov nikada nije primijenjen ni istra\u017een.&nbsp;<\/p>\n\n\n\n<p>Pro\u0161le godine, poslije \u010detvrt vijeka od napada, \u017ertvama NATO bombardovanja u Murini i njihovim porodicama priznat je status civilnih \u017ertava rata izmjenom Zakona o bora\u010dkoj i invalidskoj za\u0161titi. Vlada je donijela i odluku o isplati jednokratnih naknada od po 100.000 eura porodicama stradalih, kao nadoknadu za socijalnu za\u0161titu koju kao civilne \u017ertve nijesu imali svih proteklih godina. Time su u\u010dinjeni zna\u010dajni koraci ka priznavanju odgovornosti za vi\u0161egodi\u0161nju nepravdu. Me\u0111utim, porodice stradalih i pre\u017eivjele \u017ertve su ostale&nbsp;<\/p>\n\n\n\n<p>uskra\u0107ene za naknadu nematerijalne \u0161tete \u2013 za pretrpljeni bol i patnju zbog gubitka \u017eivota i ranjavanja.&nbsp;<\/p>\n\n\n\n<p>Akcija za ljudska prava i Crnogorski komitet pravnika za ljudska prava o\u010dekuju od Dr\u017eavnog tu\u017eila\u0161tva Crne Gore da ispita i obavijesti javnost o tome da li se tu\u017eila\u0161tvo ikada bavilo utvr\u0111ivanjem odgovornosti za propust u upozoravanju civila u Murinu, i za\u0161to krivi\u010dna istraga u ovom slu\u010daju nikada nije pokrenuta.<\/p>\n\n\n\n<p>Podsje\u0107amo da su na\u0161e organizacije vi\u0161e puta i javno i u neposrednim komunikacijama upozoravale Dr\u017eavno tu\u017eila\u0161tvo na mogu\u0107e postojanje krivi\u010dne odgovornosti zbog propusta u upozoravanju gra\u0111ana na opasnost od NATO napada, ali javnosti nikada nije saop\u0161teno da li je tim povodom postupljeno.&nbsp;<\/p>\n\n\n\n<p>Tako\u0111e, apelujemo da novouspostavljena Komisija za obe\u0161te\u0107enje \u017ertava ratnih zlo\u010dina koju je formiralo Ministarstvo pravde razmotri ispunjenje prirodne obligacije naknade \u0161tete za porodice stradalih iz Murino.&nbsp;<\/p>\n\n\n\n<p>Pravda za \u017ertve podrazumijeva i krivi\u010dnu odgovornost i adekvatne reparacije za svu pretrpljenu \u0161tetu&#8220;, naveli su u saop\u0161tenju.<\/p>","protected":false},"excerpt":{"rendered":"<p>Dvadeset i sedam godina nakon \u0161to je u NATO bombardovanju mosta u Murinu stradalo \u0161estoro civila, uklju\u010duju\u0107i troje djece, niko u Crnoj Gori nije odgovarao za propuste koji su doveli do gubitka ljudskih \u017eivota niti su ispla\u0107ene reparacije, saop\u0161teno je iz Akcije za ljudska prava.<\/p>","protected":false},"author":7,"featured_media":925991,"comment_status":"open","ping_status":"open","sticky":false,"template":"","format":"standard","meta":{"_acf_changed":false,"footnotes":"","jetpack_publicize_message":"","jetpack_publicize_feature_enabled":true,"jetpack_social_post_already_shared":true,"jetpack_social_options":{"image_generator_settings":{"template":"highway","default_image_id":0,"font":"","enabled":false},"version":2}},"categories":[1],"tags":[2339,790],"naslovna":[],"class_list":["post-964293","post","type-post","status-publish","format-standard","has-post-thumbnail","hentry","category-uncategorized","tag-hra","tag-murino"],"acf":[],"jetpack_publicize_connections":[],"_links":{"self":[{"href":"https:\/\/gradski.me\/en\/wp-json\/wp\/v2\/posts\/964293","targetHints":{"allow":["GET"]}}],"collection":[{"href":"https:\/\/gradski.me\/en\/wp-json\/wp\/v2\/posts"}],"about":[{"href":"https:\/\/gradski.me\/en\/wp-json\/wp\/v2\/types\/post"}],"author":[{"embeddable":true,"href":"https:\/\/gradski.me\/en\/wp-json\/wp\/v2\/users\/7"}],"replies":[{"embeddable":true,"href":"https:\/\/gradski.me\/en\/wp-json\/wp\/v2\/comments?post=964293"}],"version-history":[{"count":1,"href":"https:\/\/gradski.me\/en\/wp-json\/wp\/v2\/posts\/964293\/revisions"}],"predecessor-version":[{"id":964296,"href":"https:\/\/gradski.me\/en\/wp-json\/wp\/v2\/posts\/964293\/revisions\/964296"}],"wp:featuredmedia":[{"embeddable":true,"href":"https:\/\/gradski.me\/en\/wp-json\/wp\/v2\/media\/925991"}],"wp:attachment":[{"href":"https:\/\/gradski.me\/en\/wp-json\/wp\/v2\/media?parent=964293"}],"wp:term":[{"taxonomy":"category","embeddable":true,"href":"https:\/\/gradski.me\/en\/wp-json\/wp\/v2\/categories?post=964293"},{"taxonomy":"post_tag","embeddable":true,"href":"https:\/\/gradski.me\/en\/wp-json\/wp\/v2\/tags?post=964293"},{"taxonomy":"naslovna","embeddable":true,"href":"https:\/\/gradski.me\/en\/wp-json\/wp\/v2\/naslovna?post=964293"}],"curies":[{"name":"wp","href":"https:\/\/api.w.org\/{rel}","templated":true}]}}