{"id":964270,"date":"2026-04-30T11:49:00","date_gmt":"2026-04-30T09:49:00","guid":{"rendered":"https:\/\/gradski.me\/?p=964270"},"modified":"2026-04-30T13:54:41","modified_gmt":"2026-04-30T11:54:41","slug":"kazanegra-stanisic-od-pocetka-godine-20-laznih-dojava-o-bombama","status":"publish","type":"post","link":"https:\/\/gradski.me\/en\/hronika\/kazanegra-stanisic-od-pocetka-godine-20-laznih-dojava-o-bombama\/","title":{"rendered":"Ka\u017eanegra Stani\u0161i\u0107: Od po\u010detka godine 20 la\u017enih dojava o bombama"},"content":{"rendered":"<p><\/p>\n\n\n\n<p><\/p>\n\n\n\n<p>Od po\u010detka godine evidentirano je oko 20 prijava la\u017enih dojava o bombama koje su se odnosile na vi\u0161e od 100 objekata, od \u010dega su ve\u0107inom bile obrazovne ustanove, kazala je dr\u017eavna sekretarka Ministarstva unutra\u0161njih poslova<strong>&nbsp;Dragana Ka\u017eanegra Stani\u0161i\u0107<\/strong>.<\/p>\n\n\n\n<p>\u201cRadimo po prioritetima i planovima koje su sa\u010dinila policijska odjeljenja na terenu, kroz formirane timove koji svakog jutra provjeravaju \u0161kole u saradnji sa za\u0161titarima\u201c, navela je Dragana Ka\u017eanegra Stani\u0161i\u0107 u \u201cBojama jutra\u201d na programu TV Vijesti.<\/p>\n\n\n\n<p>Nakon zavr\u0161etka \u0161kolske godine, kako je navela, bi\u0107e ura\u0111ena procjena i donijeta odluka da li \u0107e se ovakav vid provjera \u0161kola nastaviti.<\/p>\n\n\n\n<p>U planu je i raspisivanje novog javnog poziva za prijem policijskih slu\u017ebenika, pozornika, kako bi se dodatno oja\u010dalo prisustvo policije u \u0161kolama i lokalnim zajednicama.<\/p>\n\n\n\n<p>Podsjetila je i da je u toku procedura za prijem 514 visoko\u0161kolaca u policijsku slu\u017ebu, dok je ranije primljeno oko 370 novih policajaca koji su ve\u0107 raspore\u0111eni ili su na obuci na Policijskoj akademiji.<\/p>\n\n\n\n<p>Prema njenim rije\u010dima, Crnoj Gori trenutno nedostaje 1.874 policajca, \u0161to predstavlja popunjenost sistema od oko 68 odsto, a najve\u0107i deficit bilje\u017ei se na jugu zemlje i u grani\u010dnoj policiji.<\/p>\n\n\n\n<p>Govore\u0107i o ilegalnom oru\u017eju, navela je da akcija \u201ePo\u0161tuj \u017eivot, vrati oru\u017eje\u201c daje rezultate, te da je tokom 2025. godine vra\u0107eno vi\u0161e hiljada komada oru\u017eja i municije.<\/p>\n\n\n\n<p>\u201cPozivamo gra\u0111ane da vrate oru\u017eje i doprinesu ve\u0107oj bezbjednosti. Slu\u017ebenici policije obezbijedili su jednostavan i siguran postupak predaje, bez posljedica za one koji to u\u010dine u okviru akcije\u201c, poru\u010dila je ona.<\/p>\n\n\n\n<p>Najve\u0107i broj oru\u017eja vra\u0107en je u Podgorici, Herceg Novom i Nik\u0161i\u0107u.<\/p>","protected":false},"excerpt":{"rendered":"<p>Od po\u010detka godine evidentirano je oko 20 prijava la\u017enih dojava o bombama koje su se odnosile na vi\u0161e od 100 objekata, od \u010dega su ve\u0107inom bile obrazovne ustanove, kazala je dr\u017eavna sekretarka Ministarstva unutra\u0161njih poslova&nbsp;Dragana Ka\u017eanegra Stani\u0161i\u0107. \u201cRadimo po prioritetima i planovima koje su sa\u010dinila policijska odjeljenja na terenu, kroz formirane timove koji svakog jutra [&hellip;]<\/p>\n","protected":false},"author":7,"featured_media":830535,"comment_status":"open","ping_status":"open","sticky":false,"template":"","format":"standard","meta":{"_acf_changed":false,"footnotes":"","jetpack_publicize_message":"","jetpack_publicize_feature_enabled":true,"jetpack_social_post_already_shared":true,"jetpack_social_options":{"image_generator_settings":{"template":"highway","default_image_id":0,"font":"","enabled":false},"version":2}},"categories":[10],"tags":[20431],"naslovna":[],"class_list":["post-964270","post","type-post","status-publish","format-standard","has-post-thumbnail","hentry","category-hronika","tag-kazanegra-stanisic"],"acf":[],"jetpack_publicize_connections":[],"_links":{"self":[{"href":"https:\/\/gradski.me\/en\/wp-json\/wp\/v2\/posts\/964270","targetHints":{"allow":["GET"]}}],"collection":[{"href":"https:\/\/gradski.me\/en\/wp-json\/wp\/v2\/posts"}],"about":[{"href":"https:\/\/gradski.me\/en\/wp-json\/wp\/v2\/types\/post"}],"author":[{"embeddable":true,"href":"https:\/\/gradski.me\/en\/wp-json\/wp\/v2\/users\/7"}],"replies":[{"embeddable":true,"href":"https:\/\/gradski.me\/en\/wp-json\/wp\/v2\/comments?post=964270"}],"version-history":[{"count":1,"href":"https:\/\/gradski.me\/en\/wp-json\/wp\/v2\/posts\/964270\/revisions"}],"predecessor-version":[{"id":964271,"href":"https:\/\/gradski.me\/en\/wp-json\/wp\/v2\/posts\/964270\/revisions\/964271"}],"wp:featuredmedia":[{"embeddable":true,"href":"https:\/\/gradski.me\/en\/wp-json\/wp\/v2\/media\/830535"}],"wp:attachment":[{"href":"https:\/\/gradski.me\/en\/wp-json\/wp\/v2\/media?parent=964270"}],"wp:term":[{"taxonomy":"category","embeddable":true,"href":"https:\/\/gradski.me\/en\/wp-json\/wp\/v2\/categories?post=964270"},{"taxonomy":"post_tag","embeddable":true,"href":"https:\/\/gradski.me\/en\/wp-json\/wp\/v2\/tags?post=964270"},{"taxonomy":"naslovna","embeddable":true,"href":"https:\/\/gradski.me\/en\/wp-json\/wp\/v2\/naslovna?post=964270"}],"curies":[{"name":"wp","href":"https:\/\/api.w.org\/{rel}","templated":true}]}}