{"id":964267,"date":"2026-04-30T11:04:41","date_gmt":"2026-04-30T09:04:41","guid":{"rendered":"https:\/\/gradski.me\/?p=964267"},"modified":"2026-04-30T13:54:29","modified_gmt":"2026-04-30T11:54:29","slug":"crna-gora-i-japan-unapredjuju-saradnju-jetro-otvara-nova-vrata-investicijama","status":"publish","type":"post","link":"https:\/\/gradski.me\/en\/politika\/crna-gora-i-japan-unapredjuju-saradnju-jetro-otvara-nova-vrata-investicijama\/","title":{"rendered":"Crna Gora i Japan unapre\u0111uju saradnju: JETRO otvara nova vrata investicijama"},"content":{"rendered":"<p><\/p>\n\n\n\n<p><\/p>\n\n\n\n<p>Tokom sastanka ocijenjeno je da ekonomski odnosi Crne Gore i Japana imaju pozitivan trend, uz obostranu spremnost da se postoje\u0107a saradnja dodatno unaprijedi i pro\u0161iri u oblastima od strate\u0161kog zna\u010daja.<\/p>\n\n\n\n<p>Posebno je istaknut potencijal za intenziviranje saradnje u sektorima infrastrukture, energetike, digitalne transformacije i inovacija, gdje postoji prostor za konkretnije investicione aktivnosti i dugoro\u010dnije partnerstvo, uklju\u010duju\u0107i projekte LNG terminala i razvoja \u017eeljezni\u010dke infrastrukture.<\/p>\n\n\n\n<p>Sagovornici su konstatovali da japanske kompanije sve vi\u0161e prepoznaju Crnu Goru kao pouzdanu investicionu destinaciju, naro\u010dito u oblastima infrastrukture, logistike i turizma. U tom kontekstu, razmotrene su mogu\u0107nosti saradnje na projektima unapre\u0111enja \u017eeljezni\u010dke infrastrukture, kao i u primjeni zelenih i digitalnih rje\u0161enja.<\/p>\n\n\n\n<p>Predsjednik Milatovi\u0107 naglasio je da Crna Gora ostaje posve\u0107ena unapre\u0111enju poslovnog ambijenta, isti\u010du\u0107i prednosti kao \u0161to su kori\u0161\u0107enje eura, \u010dlanstvo u NATO-u i jasan napredak na evropskom putu, \u0161to dodatno doprinosi investicionoj atraktivnosti zemlje.<\/p>\n\n\n\n<p>Ukazano je i na zna\u010daj postoje\u0107ih japanskih investicija, uklju\u010duju\u0107i kompaniju \u201eDaido Metal\u201c, koje predstavljaju dobar temelj za dalje ja\u010danje ekonomskih veza i podsticaj novim investitorima.<\/p>\n\n\n\n<p>Poseban fokus stavljen je na unapre\u0111enje institucionalne saradnje sa JETRO-om, kroz organizaciju poslovnih foruma, direktno povezivanje kompanija i razmjenu znanja u cilju podr\u0161ke budu\u0107im investicionim projektima.<\/p>\n\n\n\n<p>Sagovornici su se saglasili da postoji obostrani interes za dalje produbljivanje saradnje, kako u ekonomiji, tako i u drugim oblastima, uklju\u010duju\u0107i turizam, gdje se prepoznaje zna\u010dajan potencijal za rast broja japanskih posjetilaca, \u0161to dodatno otvara prostor za unapre\u0111enje avio-povezanosti izme\u0111u dvije zemlje i ja\u010danje prisustva japanskih avio-kompanija na ovom tr\u017ei\u0161tu.<\/p>\n\n\n\n<p>Zaklju\u010deno je da Crna Gora i Japan imaju solidnu osnovu za razvoj stabilnih i dugoro\u010dnih partnerstava, uz zajedni\u010dki interes za sna\u017enije ekonomsko povezivanje u narednom periodu.<\/p>","protected":false},"excerpt":{"rendered":"<p>Predsjednik Crne Gore Jakov Milatovi\u0107 sastao se danas sa predstavnicima Japanske organizacije za spoljnu trgovinu (JETRO), jedne od vode\u0107ih japanskih institucija za unapre\u0111enje me\u0111unarodne trgovine, investicija i poslovnog povezivanja.<\/p>","protected":false},"author":7,"featured_media":964268,"comment_status":"open","ping_status":"open","sticky":false,"template":"","format":"standard","meta":{"_acf_changed":false,"footnotes":"","jetpack_publicize_message":"","jetpack_publicize_feature_enabled":true,"jetpack_social_post_already_shared":true,"jetpack_social_options":{"image_generator_settings":{"template":"highway","default_image_id":0,"font":"","enabled":false},"version":2}},"categories":[7],"tags":[17,289],"naslovna":[],"class_list":["post-964267","post","type-post","status-publish","format-standard","has-post-thumbnail","hentry","category-politika","tag-japan","tag-milatovic-2"],"acf":[],"jetpack_publicize_connections":[],"_links":{"self":[{"href":"https:\/\/gradski.me\/en\/wp-json\/wp\/v2\/posts\/964267","targetHints":{"allow":["GET"]}}],"collection":[{"href":"https:\/\/gradski.me\/en\/wp-json\/wp\/v2\/posts"}],"about":[{"href":"https:\/\/gradski.me\/en\/wp-json\/wp\/v2\/types\/post"}],"author":[{"embeddable":true,"href":"https:\/\/gradski.me\/en\/wp-json\/wp\/v2\/users\/7"}],"replies":[{"embeddable":true,"href":"https:\/\/gradski.me\/en\/wp-json\/wp\/v2\/comments?post=964267"}],"version-history":[{"count":1,"href":"https:\/\/gradski.me\/en\/wp-json\/wp\/v2\/posts\/964267\/revisions"}],"predecessor-version":[{"id":964269,"href":"https:\/\/gradski.me\/en\/wp-json\/wp\/v2\/posts\/964267\/revisions\/964269"}],"wp:featuredmedia":[{"embeddable":true,"href":"https:\/\/gradski.me\/en\/wp-json\/wp\/v2\/media\/964268"}],"wp:attachment":[{"href":"https:\/\/gradski.me\/en\/wp-json\/wp\/v2\/media?parent=964267"}],"wp:term":[{"taxonomy":"category","embeddable":true,"href":"https:\/\/gradski.me\/en\/wp-json\/wp\/v2\/categories?post=964267"},{"taxonomy":"post_tag","embeddable":true,"href":"https:\/\/gradski.me\/en\/wp-json\/wp\/v2\/tags?post=964267"},{"taxonomy":"naslovna","embeddable":true,"href":"https:\/\/gradski.me\/en\/wp-json\/wp\/v2\/naslovna?post=964267"}],"curies":[{"name":"wp","href":"https:\/\/api.w.org\/{rel}","templated":true}]}}